{"id":81373,"date":"2016-02-23T10:55:27","date_gmt":"2016-02-23T13:55:27","guid":{"rendered":"http:\/\/www.redenoticia.com.br\/noticia\/?p=81373"},"modified":"2016-02-22T15:56:36","modified_gmt":"2016-02-22T18:56:36","slug":"cheques-sem-fundos-atingem-recorde-para-meses-de-janeiro-mostra-serasa","status":"publish","type":"post","link":"https:\/\/www.redenoticia.com.br\/noticia\/2016\/cheques-sem-fundos-atingem-recorde-para-meses-de-janeiro-mostra-serasa\/81373","title":{"rendered":"Cheques sem fundos atingem recorde para meses de janeiro, mostra Serasa"},"content":{"rendered":"<p> A propor\u00e7\u00e3o de <strong><em>cheques devolvidos<\/em><\/strong> por falta de fundos no pa\u00eds, em janeiro, atingiu 2,41%, segundo o Indicador Serasa Experian de Cheques Sem Fundos. Essa foi a maior taxa j\u00e1 registrada para esse m\u00eas, nos \u00faltimos 24 anos.<\/p>\n<p>A s\u00e9rie hist\u00f3rica come\u00e7ou em 1991 e, at\u00e9 agora, o \u00edndice mais elevado em janeiro havia sido registrado 2,29%, em 2009. Em igual per\u00edodo do ano passado, a devolu\u00e7\u00e3o atingiu 2,06% do total de emiss\u00f5es e, em dezembro, a taxa ficou em 2,42%.<\/p>\n<p>Na an\u00e1lise dos economistas da Serasa Experian, esse resultado \u201c\u00e9 consequ\u00eancia direta do aprofundamento da recess\u00e3o econ\u00f4mica, do aumento do desemprego e da queda do poder de compra da popula\u00e7\u00e3o\u201d.<\/p>\n<p>Marli Moreira &#8211; Rep\u00f3rter da Ag\u00eancia Brasil<br \/>\nEdi\u00e7\u00e3o: Talita Cavalcante<br \/>\n23\/02\/2016<br \/>\n&#8212;<br \/>\nA Empresa Brasil de Comunica\u00e7\u00e3o \u00e9 uma institui\u00e7\u00e3o da democracia brasileira: p\u00fablica, inclusiva e cidad\u00e3.  Criada em 2007 para fortalecer o sistema p\u00fablico de comunica\u00e7\u00e3o, \u00e9 gestora dos canais TV Brasil, TV Brasil Internacional, Ag\u00eancia Brasil, Radioag\u00eancia Nacional e do sistema p\u00fablico de R\u00e1dio \u2013 composto por oito emissoras. Estes, por sua independ\u00eancia editorial, distinguem-se dos canais estatais ou governamentais, com conte\u00fados diferenciados e complementares aos canais privados. Os ve\u00edculos da EBC t\u00eam autonomia para definir produ\u00e7\u00e3o, programa\u00e7\u00e3o e distribui\u00e7\u00e3o de conte\u00fados.<\/p>\n","protected":false},"excerpt":{"rendered":"<p>A propor\u00e7\u00e3o de cheques devolvidos por falta de fundos no pa\u00eds, em janeiro, atingiu 2,41%, segundo o Indicador Serasa Experian de Cheques Sem Fundos. Essa foi a maior taxa j\u00e1 registrada para esse m\u00eas, nos \u00faltimos 24 anos. A s\u00e9rie hist\u00f3rica come\u00e7ou em 1991 e, at\u00e9 agora, o \u00edndice mais elevado em janeiro havia sido [&hellip;]<\/p>\n","protected":false},"author":2,"featured_media":57582,"comment_status":"open","ping_status":"closed","sticky":false,"template":"","format":"standard","meta":{"_genesis_hide_title":false,"_genesis_hide_breadcrumbs":false,"_genesis_hide_singular_image":false,"_genesis_hide_footer_widgets":false,"_genesis_custom_body_class":"","_genesis_custom_post_class":"","_genesis_layout":"","_jetpack_memberships_contains_paid_content":false,"footnotes":""},"categories":[22,7],"tags":[],"class_list":{"0":"post-81373","1":"post","2":"type-post","3":"status-publish","4":"format-standard","5":"has-post-thumbnail","7":"category-brasil","8":"category-economia","9":"entry","10":"gs-1","11":"gs-odd","12":"gs-even","13":"gs-featured-content-entry"},"jetpack_featured_media_url":"https:\/\/www.redenoticia.com.br\/noticia\/imagens\/grafico1.jpg","jetpack_sharing_enabled":true,"jetpack_likes_enabled":true,"_links":{"self":[{"href":"https:\/\/www.redenoticia.com.br\/noticia\/wp-json\/wp\/v2\/posts\/81373","targetHints":{"allow":["GET"]}}],"collection":[{"href":"https:\/\/www.redenoticia.com.br\/noticia\/wp-json\/wp\/v2\/posts"}],"about":[{"href":"https:\/\/www.redenoticia.com.br\/noticia\/wp-json\/wp\/v2\/types\/post"}],"author":[{"embeddable":true,"href":"https:\/\/www.redenoticia.com.br\/noticia\/wp-json\/wp\/v2\/users\/2"}],"replies":[{"embeddable":true,"href":"https:\/\/www.redenoticia.com.br\/noticia\/wp-json\/wp\/v2\/comments?post=81373"}],"version-history":[{"count":0,"href":"https:\/\/www.redenoticia.com.br\/noticia\/wp-json\/wp\/v2\/posts\/81373\/revisions"}],"wp:featuredmedia":[{"embeddable":true,"href":"https:\/\/www.redenoticia.com.br\/noticia\/wp-json\/wp\/v2\/media\/57582"}],"wp:attachment":[{"href":"https:\/\/www.redenoticia.com.br\/noticia\/wp-json\/wp\/v2\/media?parent=81373"}],"wp:term":[{"taxonomy":"category","embeddable":true,"href":"https:\/\/www.redenoticia.com.br\/noticia\/wp-json\/wp\/v2\/categories?post=81373"},{"taxonomy":"post_tag","embeddable":true,"href":"https:\/\/www.redenoticia.com.br\/noticia\/wp-json\/wp\/v2\/tags?post=81373"}],"curies":[{"name":"wp","href":"https:\/\/api.w.org\/{rel}","templated":true}]}}