{"id":81371,"date":"2016-02-23T10:54:04","date_gmt":"2016-02-23T13:54:04","guid":{"rendered":"http:\/\/www.redenoticia.com.br\/noticia\/?p=81371"},"modified":"2016-02-22T15:55:22","modified_gmt":"2016-02-22T18:55:22","slug":"projecao-de-instituicoes-financeiras-para-queda-do-pib-chega-a-34-este-ano","status":"publish","type":"post","link":"https:\/\/www.redenoticia.com.br\/noticia\/2016\/projecao-de-instituicoes-financeiras-para-queda-do-pib-chega-a-34-este-ano\/81371","title":{"rendered":"Proje\u00e7\u00e3o de institui\u00e7\u00f5es financeiras para queda do PIB chega a 3,4% este ano"},"content":{"rendered":"<p> A proje\u00e7\u00e3o de institui\u00e7\u00f5es financeiras para a <strong><em>queda da economia<\/em><\/strong>, este ano, est\u00e1 cada vez maior, enquanto a expectativa de recupera\u00e7\u00e3o em 2017 diminui h\u00e1 cinco semanas seguidas. As estimativas fazem parte do boletim Focus, publica\u00e7\u00e3o divulgada semanalmente pelo Banco Central (BC), com base em proje\u00e7\u00f5es de institui\u00e7\u00f5es financeiras para os principais indicadores econ\u00f4micos.<\/p>\n<p>A estimativa para a queda do Produto Interno Bruto (PIB), soma de todos os bens e servi\u00e7os produzidos no pa\u00eds, este ano, passou de 3,33% para 3,40%, no quinto ajuste consecutivo. Para 2017, a estimativa de crescimento do PIB caiu de 0,59% para 0,50%.<\/p>\n<p>As institui\u00e7\u00f5es financeiras projetam que a infla\u00e7\u00e3o, medida pelo \u00cdndice Nacional de Pre\u00e7os ao Consumidor Amplo (IPCA), feche este ano em 7,62%, no oitavo ajuste seguido. Na semana passada, a estimativa era 7,61%. Essa proje\u00e7\u00e3o ultrapassa o teto da meta para 2016, de 6,5%. Para o pr\u00f3ximo ano, a expectativa \u00e9 que o IPCA alcance o teto da meta (6%). O centro da meta de infla\u00e7\u00e3o para os dois anos \u00e9 4,5%.<\/p>\n<p> Em um cen\u00e1rio de retra\u00e7\u00e3o da economia, as institui\u00e7\u00f5es financeiras n\u00e3o esperam por altera\u00e7\u00e3o na taxa b\u00e1sica de juros, a Selic, neste ano. A expectativa \u00e9 que a taxa encerre o per\u00edodo no atual patamar de 14,25% ao ano. A pr\u00f3xima reuni\u00e3o do Copom est\u00e1 marcada para os dias 1\u00b0 e 2 de mar\u00e7o.<\/p>\n<p>Para 2017, a mediana das expectativas (desconsidera os extremos nas proje\u00e7\u00f5es) \u00e9 que a Selic encerre o per\u00edodo em 12,63% ao ano, ante a proje\u00e7\u00e3o anterior de 12,75% ao ano.<\/p>\n<p>A taxa \u00e9 usada nas negocia\u00e7\u00f5es de t\u00edtulos p\u00fablicos no Sistema Especial de Liquida\u00e7\u00e3o e Cust\u00f3dia (Selic) e serve como refer\u00eancia para as demais taxas de juros da economia. Ao reajust\u00e1-la para cima, o BC cont\u00e9m o excesso de demanda que pressiona os pre\u00e7os, porque os juros mais altos encarecem o cr\u00e9dito e estimulam a poupan\u00e7a. Quando reduz os juros b\u00e1sicos, o Copom barateia o cr\u00e9dito e incentiva a produ\u00e7\u00e3o e o consumo, mas alivia o controle sobre a infla\u00e7\u00e3o.<\/p>\n<p>IGP-DI<\/p>\n<p>A pesquisa do BC tamb\u00e9m traz a proje\u00e7\u00e3o para a infla\u00e7\u00e3o medida pelo \u00cdndice Geral de Pre\u00e7os-Disponibilidade Interna (IGP-DI), que foi ajustada de 7,98% para 7,84% este ano. Para o \u00cdndice Geral de Pre\u00e7os-Mercado (IGP-M), a estimativa passou de 7,72% para 7,75%. A proje\u00e7\u00e3o para os dois \u00edndices em 2017 segue em 5,50%.<\/p>\n<p>A estimativa para o \u00cdndice de Pre\u00e7os ao Consumidor, da Funda\u00e7\u00e3o Instituto de Pesquisas Econ\u00f4micas (IPC-Fipe), foi mantida em 7,04%, em 2016, e em 5,40%, no pr\u00f3ximo ano.<\/p>\n<p>A proje\u00e7\u00e3o para os pre\u00e7os administrados caiu de 7,70% para 7,50% este ano e permanece em 5,50% em 2017.<\/p>\n<p>A proje\u00e7\u00e3o para a cota\u00e7\u00e3o do d\u00f3lar foi alterada de R$ 4,38 para R$ 4,36, ao fim de 2016, e segue em R$ 4,40 ao fim de 2017.<\/p>\n<p>Kelly Oliveira \u2013 Rep\u00f3rter da Ag\u00eancia Brasil<br \/>\nEdi\u00e7\u00e3o: Talita Cavalcante<br \/>\n23\/02\/2016<\/p>\n","protected":false},"excerpt":{"rendered":"<p>A proje\u00e7\u00e3o de institui\u00e7\u00f5es financeiras para a queda da economia, este ano, est\u00e1 cada vez maior, enquanto a expectativa de recupera\u00e7\u00e3o em 2017 diminui h\u00e1 cinco semanas seguidas. As estimativas fazem parte do boletim Focus, publica\u00e7\u00e3o divulgada semanalmente pelo Banco Central (BC), com base em proje\u00e7\u00f5es de institui\u00e7\u00f5es financeiras para os principais indicadores econ\u00f4micos. A [&hellip;]<\/p>\n","protected":false},"author":2,"featured_media":40517,"comment_status":"open","ping_status":"closed","sticky":false,"template":"","format":"standard","meta":{"_genesis_hide_title":false,"_genesis_hide_breadcrumbs":false,"_genesis_hide_singular_image":false,"_genesis_hide_footer_widgets":false,"_genesis_custom_body_class":"","_genesis_custom_post_class":"","_genesis_layout":"","_jetpack_memberships_contains_paid_content":false,"footnotes":""},"categories":[22,7],"tags":[],"class_list":{"0":"post-81371","1":"post","2":"type-post","3":"status-publish","4":"format-standard","5":"has-post-thumbnail","7":"category-brasil","8":"category-economia","9":"entry","10":"gs-1","11":"gs-odd","12":"gs-even","13":"gs-featured-content-entry"},"jetpack_featured_media_url":"https:\/\/www.redenoticia.com.br\/noticia\/imagens\/economia-previsao.jpg","jetpack_sharing_enabled":true,"jetpack_likes_enabled":true,"_links":{"self":[{"href":"https:\/\/www.redenoticia.com.br\/noticia\/wp-json\/wp\/v2\/posts\/81371","targetHints":{"allow":["GET"]}}],"collection":[{"href":"https:\/\/www.redenoticia.com.br\/noticia\/wp-json\/wp\/v2\/posts"}],"about":[{"href":"https:\/\/www.redenoticia.com.br\/noticia\/wp-json\/wp\/v2\/types\/post"}],"author":[{"embeddable":true,"href":"https:\/\/www.redenoticia.com.br\/noticia\/wp-json\/wp\/v2\/users\/2"}],"replies":[{"embeddable":true,"href":"https:\/\/www.redenoticia.com.br\/noticia\/wp-json\/wp\/v2\/comments?post=81371"}],"version-history":[{"count":0,"href":"https:\/\/www.redenoticia.com.br\/noticia\/wp-json\/wp\/v2\/posts\/81371\/revisions"}],"wp:featuredmedia":[{"embeddable":true,"href":"https:\/\/www.redenoticia.com.br\/noticia\/wp-json\/wp\/v2\/media\/40517"}],"wp:attachment":[{"href":"https:\/\/www.redenoticia.com.br\/noticia\/wp-json\/wp\/v2\/media?parent=81371"}],"wp:term":[{"taxonomy":"category","embeddable":true,"href":"https:\/\/www.redenoticia.com.br\/noticia\/wp-json\/wp\/v2\/categories?post=81371"},{"taxonomy":"post_tag","embeddable":true,"href":"https:\/\/www.redenoticia.com.br\/noticia\/wp-json\/wp\/v2\/tags?post=81371"}],"curies":[{"name":"wp","href":"https:\/\/api.w.org\/{rel}","templated":true}]}}