{"id":81367,"date":"2016-02-23T10:51:28","date_gmt":"2016-02-23T13:51:28","guid":{"rendered":"http:\/\/www.redenoticia.com.br\/noticia\/?p=81367"},"modified":"2016-02-22T15:52:48","modified_gmt":"2016-02-22T18:52:48","slug":"prazo-para-empresa-entregar-comprovante-de-rendimentos-termina-dia-29","status":"publish","type":"post","link":"https:\/\/www.redenoticia.com.br\/noticia\/2016\/prazo-para-empresa-entregar-comprovante-de-rendimentos-termina-dia-29\/81367","title":{"rendered":"Prazo para empresa entregar comprovante de rendimentos termina dia 29"},"content":{"rendered":"<p> O comprovante de rendimento para o trabalhador preencher a Declara\u00e7\u00e3o do Imposto de Renda Pessoa F\u00edsica (<strong><em>IRPF<\/em><\/strong>) 2016 ter\u00e1 que ser entregue pela fonte pagadora, pessoas f\u00edsicas e jur\u00eddicas, at\u00e9 o dia 29 de fevereiro.<\/p>\n<p>Este ano o prazo de entrega da declara\u00e7\u00e3o para as pessoas f\u00edsicas vai de 1\u00ba de mar\u00e7o a 29 de abril. De acordo com o Supervisor do Imposto de Renda, Joaquim Adir, a multa por atraso para as fontes pagadoras \u00e9 de R$ 41,43 por documento.<\/p>\n<p>De acordo com a Receita, a fonte pagadora que prestar, ainda, informa\u00e7\u00e3o falsa sobre rendimentos pagos, dedu\u00e7\u00f5es ou imposto retido na fonte, est\u00e1 sujeita \u00e0 multa de 300% sobre o valor que for indevidamente utilizado como redu\u00e7\u00e3o do imposto sobre a renda devido, independentemente de outras penalidades administrativas ou criminais. Na mesma penalidade incorre aquele que se beneficiar de informa\u00e7\u00e3o sabendo ou devendo saber da irregularidade.<\/p>\n<p>No caso de reten\u00e7\u00e3o na fonte e n\u00e3o fornecimento do comprovante, o contribuinte deve comunicar o fato \u00e0 unidade de atendimento da Receita Federal para que sejam adotas medidas legais.<\/p>\n<p>Quem deve declarar<\/p>\n<p>Est\u00e3o obrigadas a entregar a declara\u00e7\u00e3o este ano, as pessoas f\u00edsicas que ganharam, em 2015, R$ 28.123,91 em rendimentos tribut\u00e1veis. Isso equivale a R$ 2.343,66 por m\u00eas, excluindo o d\u00e9cimo terceiro, que tem tributa\u00e7\u00e3o pr\u00f3pria.<\/p>\n<p>Devem declarar ainda o IRPF quem recebeu rendimentos isentos, n\u00e3o tribut\u00e1veis ou tributados exclusivamente na fonte acima de R$ 40 mil em 2015; quem obteve, em qualquer m\u00eas do ano passado, ganho de capital na venda de bens ou fez opera\u00e7\u00f5es no mercado de a\u00e7\u00f5es; quem tem patrim\u00f4nio individual acima de R$ 300 mil e propriet\u00e1rios rurais que obtiveram receita bruta acima de R$ 140.619,55.<\/p>\n<p>Multas<\/p>\n<p>O contribuinte pessoa f\u00edsica que n\u00e3o entregar a declara\u00e7\u00e3o no prazo pagar\u00e1 multa de 1% do imposto devido por m\u00eas de atraso ou de R$ 165,74, prevalecendo o maior valor. A multa m\u00e1xima equivale a 20%, caso o contribuinte atrase a entrega por 20 meses.<\/p>\n<p>Joaquim Adir estima que 28,5 milh\u00f5es de contribuintes dever\u00e3o enviar \u00e0 Receita Federal a declara\u00e7\u00e3o . O n\u00famero representa crescimento de 2,1% em rela\u00e7\u00e3o ao ano passado.<\/p>\n<p>Daniel Lima &#8211; Rep\u00f3rter da Ag\u00eancia Brasil<br \/>\nEdi\u00e7\u00e3o: A\u00e9cio Amado<br \/>\n23\/02\/2016<\/p>\n","protected":false},"excerpt":{"rendered":"<p>O comprovante de rendimento para o trabalhador preencher a Declara\u00e7\u00e3o do Imposto de Renda Pessoa F\u00edsica (IRPF) 2016 ter\u00e1 que ser entregue pela fonte pagadora, pessoas f\u00edsicas e jur\u00eddicas, at\u00e9 o dia 29 de fevereiro. Este ano o prazo de entrega da declara\u00e7\u00e3o para as pessoas f\u00edsicas vai de 1\u00ba de mar\u00e7o a 29 de [&hellip;]<\/p>\n","protected":false},"author":2,"featured_media":23889,"comment_status":"open","ping_status":"closed","sticky":false,"template":"","format":"standard","meta":{"_genesis_hide_title":false,"_genesis_hide_breadcrumbs":false,"_genesis_hide_singular_image":false,"_genesis_hide_footer_widgets":false,"_genesis_custom_body_class":"","_genesis_custom_post_class":"","_genesis_layout":"","_jetpack_memberships_contains_paid_content":false,"footnotes":""},"categories":[22,7],"tags":[],"class_list":{"0":"post-81367","1":"post","2":"type-post","3":"status-publish","4":"format-standard","5":"has-post-thumbnail","7":"category-brasil","8":"category-economia","9":"entry","10":"gs-1","11":"gs-odd","12":"gs-even","13":"gs-featured-content-entry"},"jetpack_featured_media_url":"https:\/\/www.redenoticia.com.br\/noticia\/imagens\/receita-federal-irpf-2010.jpg","jetpack_sharing_enabled":true,"jetpack_likes_enabled":true,"_links":{"self":[{"href":"https:\/\/www.redenoticia.com.br\/noticia\/wp-json\/wp\/v2\/posts\/81367","targetHints":{"allow":["GET"]}}],"collection":[{"href":"https:\/\/www.redenoticia.com.br\/noticia\/wp-json\/wp\/v2\/posts"}],"about":[{"href":"https:\/\/www.redenoticia.com.br\/noticia\/wp-json\/wp\/v2\/types\/post"}],"author":[{"embeddable":true,"href":"https:\/\/www.redenoticia.com.br\/noticia\/wp-json\/wp\/v2\/users\/2"}],"replies":[{"embeddable":true,"href":"https:\/\/www.redenoticia.com.br\/noticia\/wp-json\/wp\/v2\/comments?post=81367"}],"version-history":[{"count":0,"href":"https:\/\/www.redenoticia.com.br\/noticia\/wp-json\/wp\/v2\/posts\/81367\/revisions"}],"wp:featuredmedia":[{"embeddable":true,"href":"https:\/\/www.redenoticia.com.br\/noticia\/wp-json\/wp\/v2\/media\/23889"}],"wp:attachment":[{"href":"https:\/\/www.redenoticia.com.br\/noticia\/wp-json\/wp\/v2\/media?parent=81367"}],"wp:term":[{"taxonomy":"category","embeddable":true,"href":"https:\/\/www.redenoticia.com.br\/noticia\/wp-json\/wp\/v2\/categories?post=81367"},{"taxonomy":"post_tag","embeddable":true,"href":"https:\/\/www.redenoticia.com.br\/noticia\/wp-json\/wp\/v2\/tags?post=81367"}],"curies":[{"name":"wp","href":"https:\/\/api.w.org\/{rel}","templated":true}]}}