{"id":81365,"date":"2016-02-23T10:50:08","date_gmt":"2016-02-23T13:50:08","guid":{"rendered":"http:\/\/www.redenoticia.com.br\/noticia\/?p=81365"},"modified":"2016-02-22T15:51:22","modified_gmt":"2016-02-22T18:51:22","slug":"sao-paulo-pode-ter-aumento-no-numero-de-casos-de-dengue-em-2016","status":"publish","type":"post","link":"https:\/\/www.redenoticia.com.br\/noticia\/2016\/sao-paulo-pode-ter-aumento-no-numero-de-casos-de-dengue-em-2016\/81365","title":{"rendered":"S\u00e3o Paulo pode ter aumento no n\u00famero de casos de dengue em 2016"},"content":{"rendered":"<p> O secret\u00e1rio municipal de Sa\u00fade de S\u00e3o Paulo, Alexandre Padilha, disse que a capital paulista pode ter um aumento no n\u00famero de <strong><em>dengue<\/em><\/strong> casos neste ano. \u201cA prefeitura trabalha com um cen\u00e1rio com mais casos do que em 2015, porque os fatores de risco continuam\u201d, afirmou Padilha sobre a possibilidade de o n\u00famero de cont\u00e1gios superar os 100 mil registrados ano passado.<\/p>\n<p> Segundo o secret\u00e1rio, diversos fatores tornam o cen\u00e1rio prop\u00edcio para um crescimento da doen\u00e7a na cidade, como as temperaturas elevadas, que facilitam a reprodu\u00e7\u00e3o do mosquito Aedes aegypti.  \u201cN\u00f3s tivemos uma temperatura m\u00e9dia mais elevada na cidade de S\u00e3o Paulo neste ano, isso ajuda na prolifera\u00e7\u00e3o do mosquito\u201d, enfatizou.<\/p>\n<p>Al\u00e9m disso, a crise h\u00eddrica na regi\u00e3o metropolitana tamb\u00e9m \u00e9, de acordo com Padilha, um fator de risco. \u201cO problema da oferta de \u00e1gua na periferia de S\u00e3o Paulo continua. Voc\u00ea tem v\u00e1rios bairros com interrup\u00e7\u00e3o di\u00e1ria de \u00e1gua. Isso faz com que as pessoas reservem \u00e1gua e pode ser um foco do mosquito\u201d.<\/p>\n<p>Apesar das campanhas informativas, Padilha informou que a popula\u00e7\u00e3o precisa incorporar a\u00e7\u00f5es de combate ao mosquito transmissor. Em novembro e dezembro do ano passado, agentes da prefeitura visitaram as casas de todas as pessoas que tiveram dengue em 2015. \u201cInfelizmente, encontramos em cada casa mais de um foco ou reservat\u00f3rio potencial para o mosquito da dengue\u201d, destacou o secret\u00e1rio.<\/p>\n<p>O \u00faltimo balan\u00e7o epidemiol\u00f3gico da prefeitura, divulgado no in\u00edcio de fevereiro, indicava que, entre 3 e 20 de janeiro, foram notificados 4.065 casos de dengue na cidade, dos quais 1.062 foram descartados. No mesmo per\u00edodo do ano passado, foram 1.346 notifica\u00e7\u00f5es e 376 casos confirmados.<\/p>\n<p>Tamb\u00e9m transmitido pelo Aedes aegypti, a capital registrou dois casos aut\u00f3ctones (contra\u00eddos no territ\u00f3rio do munic\u00edpio) da febre chikungunya e dez importados.<\/p>\n<p>Daniel Mello &#8211; Rep\u00f3rter da Ag\u00eancia Brasil<br \/>\nEdi\u00e7\u00e3o: Armando Cardoso<br \/>\n23\/02\/2016<\/p>\n","protected":false},"excerpt":{"rendered":"<p>O secret\u00e1rio municipal de Sa\u00fade de S\u00e3o Paulo, Alexandre Padilha, disse que a capital paulista pode ter um aumento no n\u00famero de dengue casos neste ano. \u201cA prefeitura trabalha com um cen\u00e1rio com mais casos do que em 2015, porque os fatores de risco continuam\u201d, afirmou Padilha sobre a possibilidade de o n\u00famero de cont\u00e1gios [&hellip;]<\/p>\n","protected":false},"author":2,"featured_media":40847,"comment_status":"open","ping_status":"closed","sticky":false,"template":"","format":"standard","meta":{"_genesis_hide_title":false,"_genesis_hide_breadcrumbs":false,"_genesis_hide_singular_image":false,"_genesis_hide_footer_widgets":false,"_genesis_custom_body_class":"","_genesis_custom_post_class":"","_genesis_layout":"","_jetpack_memberships_contains_paid_content":false,"footnotes":""},"categories":[22],"tags":[],"class_list":{"0":"post-81365","1":"post","2":"type-post","3":"status-publish","4":"format-standard","5":"has-post-thumbnail","7":"category-brasil","8":"entry","9":"gs-1","10":"gs-odd","11":"gs-even","12":"gs-featured-content-entry"},"jetpack_featured_media_url":"https:\/\/www.redenoticia.com.br\/noticia\/imagens\/dengue-combate.jpg","jetpack_sharing_enabled":true,"jetpack_likes_enabled":true,"_links":{"self":[{"href":"https:\/\/www.redenoticia.com.br\/noticia\/wp-json\/wp\/v2\/posts\/81365","targetHints":{"allow":["GET"]}}],"collection":[{"href":"https:\/\/www.redenoticia.com.br\/noticia\/wp-json\/wp\/v2\/posts"}],"about":[{"href":"https:\/\/www.redenoticia.com.br\/noticia\/wp-json\/wp\/v2\/types\/post"}],"author":[{"embeddable":true,"href":"https:\/\/www.redenoticia.com.br\/noticia\/wp-json\/wp\/v2\/users\/2"}],"replies":[{"embeddable":true,"href":"https:\/\/www.redenoticia.com.br\/noticia\/wp-json\/wp\/v2\/comments?post=81365"}],"version-history":[{"count":0,"href":"https:\/\/www.redenoticia.com.br\/noticia\/wp-json\/wp\/v2\/posts\/81365\/revisions"}],"wp:featuredmedia":[{"embeddable":true,"href":"https:\/\/www.redenoticia.com.br\/noticia\/wp-json\/wp\/v2\/media\/40847"}],"wp:attachment":[{"href":"https:\/\/www.redenoticia.com.br\/noticia\/wp-json\/wp\/v2\/media?parent=81365"}],"wp:term":[{"taxonomy":"category","embeddable":true,"href":"https:\/\/www.redenoticia.com.br\/noticia\/wp-json\/wp\/v2\/categories?post=81365"},{"taxonomy":"post_tag","embeddable":true,"href":"https:\/\/www.redenoticia.com.br\/noticia\/wp-json\/wp\/v2\/tags?post=81365"}],"curies":[{"name":"wp","href":"https:\/\/api.w.org\/{rel}","templated":true}]}}