{"id":81327,"date":"2016-02-22T10:35:39","date_gmt":"2016-02-22T13:35:39","guid":{"rendered":"http:\/\/www.redenoticia.com.br\/noticia\/?p=81327"},"modified":"2016-02-21T20:42:35","modified_gmt":"2016-02-21T23:42:35","slug":"tarifa-do-transporte-semiurbano-interestadual-esta-mais-cara","status":"publish","type":"post","link":"https:\/\/www.redenoticia.com.br\/noticia\/2016\/tarifa-do-transporte-semiurbano-interestadual-esta-mais-cara\/81327","title":{"rendered":"Tarifa do transporte semiurbano interestadual est\u00e1 mais cara"},"content":{"rendered":"<p> As <strong><em>tarifas do transporte rodovi\u00e1rios semiurbano interestadual<\/em><\/strong> foram reajustadas em 11,29%. O aumento, definido pela Ag\u00eancia Nacional de Transportes Terrestres (ANTT), vale para todo o territ\u00f3rio nacional e se aplica tamb\u00e9m aos munic\u00edpios cortados por fronteiras internacionais.<\/p>\n<p>\u00c9 considerado servi\u00e7o de transporte rodovi\u00e1rio semiurbano interestadual o transporte coletivo que, apesar de cruzar unidades da federa\u00e7\u00e3o, tem caracter\u00edsticas urbanas, como uso de roletas, paradas em pontos e permiss\u00e3o para que os passageiros sejam transportados em p\u00e9. O percurso m\u00e1ximo do transporte semiurbano \u00e9 de 75 quil\u00f4metros.<\/p>\n<p>Segundo a ANTT, o reajuste foi feito para atender a \u201cnecessidade de manter o equil\u00edbrio econ\u00f4mico-financeiro das permission\u00e1rias [empresas que t\u00eam permiss\u00e3o ou licen\u00e7a, autorizadas pela justi\u00e7a] e autorizat\u00e1rias [empresas autorizadas pela ANTT a prestar temporariamente o servi\u00e7o, ainda que sem a realiza\u00e7\u00e3o de processo licitat\u00f3rio]\u201d.<\/p>\n<p>O reajuste ser\u00e1 aplicado no chamado coeficiente tarif\u00e1rio vigente. Este valor de refer\u00eancia foi fixado em R$ 0,092557. Para se chegar ao valor da tarifa, faz-se um c\u00e1lculo considerando o valor de refer\u00eancia e o n\u00famero de passageiros por quil\u00f4metro. De acordo com a ag\u00eancia, o c\u00e1lculo da tarifa leva em conta todos os custos de opera\u00e7\u00e3o do servi\u00e7o, como combust\u00edveis, ve\u00edculos, pe\u00e7as e despesas com pessoal.<\/p>\n<p>Da Ag\u00eancia Brasil<br \/>\nEdi\u00e7\u00e3o: Luana Louren\u00e7o<br \/>\n22\/02\/2016<\/p>\n","protected":false},"excerpt":{"rendered":"<p>As tarifas do transporte rodovi\u00e1rios semiurbano interestadual foram reajustadas em 11,29%. O aumento, definido pela Ag\u00eancia Nacional de Transportes Terrestres (ANTT), vale para todo o territ\u00f3rio nacional e se aplica tamb\u00e9m aos munic\u00edpios cortados por fronteiras internacionais. \u00c9 considerado servi\u00e7o de transporte rodovi\u00e1rio semiurbano interestadual o transporte coletivo que, apesar de cruzar unidades da federa\u00e7\u00e3o, [&hellip;]<\/p>\n","protected":false},"author":2,"featured_media":57584,"comment_status":"open","ping_status":"closed","sticky":false,"template":"","format":"standard","meta":{"_genesis_hide_title":false,"_genesis_hide_breadcrumbs":false,"_genesis_hide_singular_image":false,"_genesis_hide_footer_widgets":false,"_genesis_custom_body_class":"","_genesis_custom_post_class":"","_genesis_layout":"","_jetpack_memberships_contains_paid_content":false,"footnotes":""},"categories":[22,7],"tags":[],"class_list":{"0":"post-81327","1":"post","2":"type-post","3":"status-publish","4":"format-standard","5":"has-post-thumbnail","7":"category-brasil","8":"category-economia","9":"entry","10":"gs-1","11":"gs-odd","12":"gs-even","13":"gs-featured-content-entry"},"jetpack_featured_media_url":"https:\/\/www.redenoticia.com.br\/noticia\/imagens\/economia-grafica-analise-inflacao.jpg","jetpack_sharing_enabled":true,"jetpack_likes_enabled":true,"_links":{"self":[{"href":"https:\/\/www.redenoticia.com.br\/noticia\/wp-json\/wp\/v2\/posts\/81327","targetHints":{"allow":["GET"]}}],"collection":[{"href":"https:\/\/www.redenoticia.com.br\/noticia\/wp-json\/wp\/v2\/posts"}],"about":[{"href":"https:\/\/www.redenoticia.com.br\/noticia\/wp-json\/wp\/v2\/types\/post"}],"author":[{"embeddable":true,"href":"https:\/\/www.redenoticia.com.br\/noticia\/wp-json\/wp\/v2\/users\/2"}],"replies":[{"embeddable":true,"href":"https:\/\/www.redenoticia.com.br\/noticia\/wp-json\/wp\/v2\/comments?post=81327"}],"version-history":[{"count":0,"href":"https:\/\/www.redenoticia.com.br\/noticia\/wp-json\/wp\/v2\/posts\/81327\/revisions"}],"wp:featuredmedia":[{"embeddable":true,"href":"https:\/\/www.redenoticia.com.br\/noticia\/wp-json\/wp\/v2\/media\/57584"}],"wp:attachment":[{"href":"https:\/\/www.redenoticia.com.br\/noticia\/wp-json\/wp\/v2\/media?parent=81327"}],"wp:term":[{"taxonomy":"category","embeddable":true,"href":"https:\/\/www.redenoticia.com.br\/noticia\/wp-json\/wp\/v2\/categories?post=81327"},{"taxonomy":"post_tag","embeddable":true,"href":"https:\/\/www.redenoticia.com.br\/noticia\/wp-json\/wp\/v2\/tags?post=81327"}],"curies":[{"name":"wp","href":"https:\/\/api.w.org\/{rel}","templated":true}]}}