{"id":81233,"date":"2016-02-19T10:16:56","date_gmt":"2016-02-19T12:16:56","guid":{"rendered":"http:\/\/www.redenoticia.com.br\/noticia\/?p=81233"},"modified":"2016-02-18T17:18:32","modified_gmt":"2016-02-18T19:18:32","slug":"ocde-preve-queda-de-4-na-economia-brasileira-este-ano","status":"publish","type":"post","link":"https:\/\/www.redenoticia.com.br\/noticia\/2016\/ocde-preve-queda-de-4-na-economia-brasileira-este-ano\/81233","title":{"rendered":"OCDE prev\u00ea queda de 4% na economia brasileira este ano"},"content":{"rendered":"<p> A Organiza\u00e7\u00e3o para a Coopera\u00e7\u00e3o e o Desenvolvimento Econ\u00f4mico (OCDE) prev\u00ea <strong><em>queda da economia brasileira<\/em><\/strong> de 4%, este ano. De acordo com as previs\u00f5es divulgadas no boletim Perspectivas Econ\u00f4micas da OCDE, em 2017 o Produto Interno Bruto (PIB) deve ficar est\u00e1vel. Para 2015, a proje\u00e7\u00e3o de queda \u00e9 3,8%.<\/p>\n<p>De acordo com a OCDE, o Brasil est\u00e1 passando por uma recess\u00e3o profunda e s\u00f3 deve come\u00e7ar a emergir da retra\u00e7\u00e3o em 2017. A China deve continuar a reequilibrar sua economia, desde a produ\u00e7\u00e3o at\u00e9 os servi\u00e7os, com previs\u00e3o de crescimento de 6,5% em 2016 e 6,2% em 2017. A \u00cdndia vai continuar a crescer de forma robusta: 7,4% em 2016 e 7,3% 2017, diz a OCDE.<\/p>\n<p>A proje\u00e7\u00e3o para o crescimento da economia mundial este ano foi revisada para 3%, menos 0,3 pontos percentuais do que a estimativa anterior.<\/p>\n<p>A organiza\u00e7\u00e3o informa que a revis\u00e3o \u00e9 resultado, entre outros fatores, de um corte do investimento e de &#8220;um risco substancial&#8221; de instabilidade financeira. Para a OCDE, a economia mundial continua debilitada e exige rea\u00e7\u00e3o urgente dos poderes p\u00fablicos, com mudan\u00e7as na combina\u00e7\u00e3o de pol\u00edticas para enfrentar o fraco crescimento atual de forma mais eficaz.<\/p>\n<p>A organiza\u00e7\u00e3o ressalta que confiar exclusivamente na pol\u00edtica monet\u00e1ria tem se revelado insuficiente para impulsionar a demanda e produzir um crescimento satisfat\u00f3rio, enquanto a pol\u00edtica fiscal \u00e9 contracionista em v\u00e1rias economias importantes e a din\u00e2mica das reformas estruturais est\u00e1 mais lenta.<\/p>\n<p>Para 2017, a previs\u00e3o de crescimento mundial \u00e9 3,3%.<\/p>\n<p>Kelly Oliveira \u2013 Rep\u00f3rter da Ag\u00eancia Brasil<br \/>\nEdi\u00e7\u00e3o: Gra\u00e7a Adjuto<br \/>\n19\/02\/2016<\/p>\n","protected":false},"excerpt":{"rendered":"<p>A Organiza\u00e7\u00e3o para a Coopera\u00e7\u00e3o e o Desenvolvimento Econ\u00f4mico (OCDE) prev\u00ea queda da economia brasileira de 4%, este ano. De acordo com as previs\u00f5es divulgadas no boletim Perspectivas Econ\u00f4micas da OCDE, em 2017 o Produto Interno Bruto (PIB) deve ficar est\u00e1vel. Para 2015, a proje\u00e7\u00e3o de queda \u00e9 3,8%. De acordo com a OCDE, o [&hellip;]<\/p>\n","protected":false},"author":2,"featured_media":57584,"comment_status":"open","ping_status":"closed","sticky":false,"template":"","format":"standard","meta":{"_genesis_hide_title":false,"_genesis_hide_breadcrumbs":false,"_genesis_hide_singular_image":false,"_genesis_hide_footer_widgets":false,"_genesis_custom_body_class":"","_genesis_custom_post_class":"","_genesis_layout":"","_jetpack_memberships_contains_paid_content":false,"footnotes":""},"categories":[22,7],"tags":[],"class_list":{"0":"post-81233","1":"post","2":"type-post","3":"status-publish","4":"format-standard","5":"has-post-thumbnail","7":"category-brasil","8":"category-economia","9":"entry","10":"gs-1","11":"gs-odd","12":"gs-even","13":"gs-featured-content-entry"},"jetpack_featured_media_url":"https:\/\/www.redenoticia.com.br\/noticia\/imagens\/economia-grafica-analise-inflacao.jpg","jetpack_sharing_enabled":true,"jetpack_likes_enabled":true,"_links":{"self":[{"href":"https:\/\/www.redenoticia.com.br\/noticia\/wp-json\/wp\/v2\/posts\/81233","targetHints":{"allow":["GET"]}}],"collection":[{"href":"https:\/\/www.redenoticia.com.br\/noticia\/wp-json\/wp\/v2\/posts"}],"about":[{"href":"https:\/\/www.redenoticia.com.br\/noticia\/wp-json\/wp\/v2\/types\/post"}],"author":[{"embeddable":true,"href":"https:\/\/www.redenoticia.com.br\/noticia\/wp-json\/wp\/v2\/users\/2"}],"replies":[{"embeddable":true,"href":"https:\/\/www.redenoticia.com.br\/noticia\/wp-json\/wp\/v2\/comments?post=81233"}],"version-history":[{"count":0,"href":"https:\/\/www.redenoticia.com.br\/noticia\/wp-json\/wp\/v2\/posts\/81233\/revisions"}],"wp:featuredmedia":[{"embeddable":true,"href":"https:\/\/www.redenoticia.com.br\/noticia\/wp-json\/wp\/v2\/media\/57584"}],"wp:attachment":[{"href":"https:\/\/www.redenoticia.com.br\/noticia\/wp-json\/wp\/v2\/media?parent=81233"}],"wp:term":[{"taxonomy":"category","embeddable":true,"href":"https:\/\/www.redenoticia.com.br\/noticia\/wp-json\/wp\/v2\/categories?post=81233"},{"taxonomy":"post_tag","embeddable":true,"href":"https:\/\/www.redenoticia.com.br\/noticia\/wp-json\/wp\/v2\/tags?post=81233"}],"curies":[{"name":"wp","href":"https:\/\/api.w.org\/{rel}","templated":true}]}}