{"id":81231,"date":"2016-02-19T10:16:08","date_gmt":"2016-02-19T12:16:08","guid":{"rendered":"http:\/\/www.redenoticia.com.br\/noticia\/?p=81231"},"modified":"2016-02-18T17:16:46","modified_gmt":"2016-02-18T19:16:46","slug":"percentual-de-grandes-industrias-que-vao-investir-cai-para-64","status":"publish","type":"post","link":"https:\/\/www.redenoticia.com.br\/noticia\/2016\/percentual-de-grandes-industrias-que-vao-investir-cai-para-64\/81231","title":{"rendered":"Percentual de grandes ind\u00fastrias que v\u00e3o investir cai para 64%"},"content":{"rendered":"<p>A <em><strong>crise econ\u00f4mica<\/strong><\/em> afetou os investimentos em 2015 e as perspectivas para 2016. Segundo pesquisa da Confedera\u00e7\u00e3o Nacional da Ind\u00fastria (CNI), feita com 860 grandes empresas (com 250 ou mais empregados), 64% das companhias pesquisadas pretendem investir este ano, o menor percentual da s\u00e9rie hist\u00f3rica, iniciada em 2010. Em 2015, 74% das empresas investiram.<\/p>\n<p>Entre as que planejam investir, 67% pretendem tocar projetos j\u00e1 em andamento e 33% devem iniciar novos empreendimentos, o menor percentual da s\u00e9rie. De acordo com o estudo, 46% v\u00e3o apostar na melhoria ou na introdu\u00e7\u00e3o de novos processos e 18% em desenvolvimento de produtos.<\/p>\n<p>O gerente executivo de Pesquisa e Competitividade da CNI, Renato da Fonseca, destacou que o dado positivo \u00e9 que os investimentos est\u00e3o voltados para inova\u00e7\u00e3o,com melhoria de processos produtivos. \u201cIsso significa aumento de produtividade. Est\u00e3o melhorando o processo produtivo, pensando em atender o mercado externo. N\u00e3o tem crescimento via investimento, consumo ou gasto do governo. O \u00fanico meio \u00e9 a demanda externa, um mercado que est\u00e1 crescendo pouco, mas est\u00e1 crescendo\u201d, destacou.<\/p>\n<p>A pesquisa tamb\u00e9m revela que o n\u00famero de empresas cujo foco principal \u00e9 o mercado interno caiu de 68% em 2015 para 62%, este ano.<\/p>\n<p>De acordo com as empresas que n\u00e3o pretendem investir, a principal raz\u00e3o \u00e9 a incerteza econ\u00f4mica (92%). A ociosidade elevada (ou a reavalia\u00e7\u00e3o de demanda) foi o segundo item mais apontado (65%). Em terceiro lugar, ficou o custo do cr\u00e9dito, com 41% das respostas.<\/p>\n<p>Em 2015, entre as empresas que investiram, 67% destinaram os recursos para a continua\u00e7\u00e3o de projetos anteriores. Entre as empresas, 86% compraram m\u00e1quinas e equipamentos. Dessas, 55% adquiriram m\u00e1quinas e equipamentos nacionais e 23%, principalmente ou exclusivamente importados. A pesquisa foi feita entre 9 de novembro e 14 de dezembro do ano passado.<\/p>\n<p>Fonseca destacou, ainda, que as empresas est\u00e3o com \u201cs\u00e9ria\u201d dificuldade para conseguir recursos para investimento. Segundo a pesquisa, em m\u00e9dia, 72% dos investimentos realizados em 2015 foram financiados com recursos pr\u00f3prios, contra 61%, em 2014. Em contrapartida, os investimentos com recursos do Banco Nacional de Desenvolvimento Econ\u00f4mico e Social (BNDES), bancos regionais de investimentos e comerciais p\u00fablicos (Caixa Economica e Banco do Brasil) ca\u00edram de 26% em 2014 para 18%, no ano passado.<\/p>\n<p>Fonseca acrescentou que as companhias est\u00e3o com situa\u00e7\u00e3o financeira debilitada, devido ao aumento de custos e dificuldades de vender os produtos. \u201cMesmo as empresas que desejam investir n\u00e3o conseguem por falta de recursos\u201d, disse.<\/p>\n<p>Kelly Oliveira \u2013 Rep\u00f3rter da Ag\u00eancia Brasil<br \/>\nEdi\u00e7\u00e3o: Kleber Sampaio<br \/>\n19\/02\/2016<\/p>\n","protected":false},"excerpt":{"rendered":"<p>A crise econ\u00f4mica afetou os investimentos em 2015 e as perspectivas para 2016. Segundo pesquisa da Confedera\u00e7\u00e3o Nacional da Ind\u00fastria (CNI), feita com 860 grandes empresas (com 250 ou mais empregados), 64% das companhias pesquisadas pretendem investir este ano, o menor percentual da s\u00e9rie hist\u00f3rica, iniciada em 2010. Em 2015, 74% das empresas investiram. Entre [&hellip;]<\/p>\n","protected":false},"author":2,"featured_media":57583,"comment_status":"open","ping_status":"closed","sticky":false,"template":"","format":"standard","meta":{"_genesis_hide_title":false,"_genesis_hide_breadcrumbs":false,"_genesis_hide_singular_image":false,"_genesis_hide_footer_widgets":false,"_genesis_custom_body_class":"","_genesis_custom_post_class":"","_genesis_layout":"","_jetpack_memberships_contains_paid_content":false,"footnotes":""},"categories":[22,7],"tags":[],"class_list":{"0":"post-81231","1":"post","2":"type-post","3":"status-publish","4":"format-standard","5":"has-post-thumbnail","7":"category-brasil","8":"category-economia","9":"entry","10":"gs-1","11":"gs-odd","12":"gs-even","13":"gs-featured-content-entry"},"jetpack_featured_media_url":"https:\/\/www.redenoticia.com.br\/noticia\/imagens\/economia-grafico.jpg","jetpack_sharing_enabled":true,"jetpack_likes_enabled":true,"_links":{"self":[{"href":"https:\/\/www.redenoticia.com.br\/noticia\/wp-json\/wp\/v2\/posts\/81231","targetHints":{"allow":["GET"]}}],"collection":[{"href":"https:\/\/www.redenoticia.com.br\/noticia\/wp-json\/wp\/v2\/posts"}],"about":[{"href":"https:\/\/www.redenoticia.com.br\/noticia\/wp-json\/wp\/v2\/types\/post"}],"author":[{"embeddable":true,"href":"https:\/\/www.redenoticia.com.br\/noticia\/wp-json\/wp\/v2\/users\/2"}],"replies":[{"embeddable":true,"href":"https:\/\/www.redenoticia.com.br\/noticia\/wp-json\/wp\/v2\/comments?post=81231"}],"version-history":[{"count":0,"href":"https:\/\/www.redenoticia.com.br\/noticia\/wp-json\/wp\/v2\/posts\/81231\/revisions"}],"wp:featuredmedia":[{"embeddable":true,"href":"https:\/\/www.redenoticia.com.br\/noticia\/wp-json\/wp\/v2\/media\/57583"}],"wp:attachment":[{"href":"https:\/\/www.redenoticia.com.br\/noticia\/wp-json\/wp\/v2\/media?parent=81231"}],"wp:term":[{"taxonomy":"category","embeddable":true,"href":"https:\/\/www.redenoticia.com.br\/noticia\/wp-json\/wp\/v2\/categories?post=81231"},{"taxonomy":"post_tag","embeddable":true,"href":"https:\/\/www.redenoticia.com.br\/noticia\/wp-json\/wp\/v2\/tags?post=81231"}],"curies":[{"name":"wp","href":"https:\/\/api.w.org\/{rel}","templated":true}]}}