{"id":81229,"date":"2016-02-19T10:11:06","date_gmt":"2016-02-19T12:11:06","guid":{"rendered":"http:\/\/www.redenoticia.com.br\/noticia\/?p=81229"},"modified":"2016-02-18T17:24:11","modified_gmt":"2016-02-18T19:24:11","slug":"setor-eletroeletronico-inicia-ano-com-queda-nas-encomendas-e-venda-de-produto","status":"publish","type":"post","link":"https:\/\/www.redenoticia.com.br\/noticia\/2016\/setor-eletroeletronico-inicia-ano-com-queda-nas-encomendas-e-venda-de-produto\/81229","title":{"rendered":"Setor eletroeletr\u00f4nico inicia ano com queda nas encomendas e venda de produto"},"content":{"rendered":"<p>Mais da metade dos fabricantes de <strong><em>produtos el\u00e9tricos e eletr\u00f4nicos<\/em><\/strong> (52%) tiveram queda nas vendas e encomendas em janeiro, em compara\u00e7\u00e3o com igual m\u00eas de 2015, revela sondagem feita pela Associa\u00e7\u00e3o Brasileira da Ind\u00fastria El\u00e9trica e Eletr\u00f4nica (Abinee). Segundo o levantamento, 54% das companhias tiveram neg\u00f3cios abaixo do previsto.<\/p>\n<p>Quanto ao n\u00edvel de emprego, 41% das empresas consultadas apontaram recuo e apenas 7% indicaram crescimento. Para fevereiro, a expectativa de 41% das empresas \u00e9 de alta nas vendas, enquanto 38% esperam queda.<\/p>\n<p>Para este ano, 49% das empresas consultadas esperam aumento, um percentual maior do que o conjunto das que preveem queda nos neg\u00f3cios (21%).<\/p>\n<p>Em nota, o presidente executivo da Abinee, Humberto Barbato, diz que o setor dever\u00e1 ter neste ano desempenho abaixo do Produto Interno Bruto (PIB, soma de todos os bens e servi\u00e7os produzidos no pa\u00eds). \u201cCom a perspectiva de retra\u00e7\u00e3o do PIB, de 3,8% para este ano, a tend\u00eancia para o faturamento do setor eletroeletr\u00f4nico para 2016 tamb\u00e9m \u00e9 de queda real de 6%\u201d, afirmou Barbato.<\/p>\n<p>Marli Moreira \u2013 Rep\u00f3rter da Ag\u00eancia Brasil<br \/>\nEdi\u00e7\u00e3o: N\u00e1dia Franco<br \/>\n19\/02\/2016<\/p>\n","protected":false},"excerpt":{"rendered":"<p>Mais da metade dos fabricantes de produtos el\u00e9tricos e eletr\u00f4nicos (52%) tiveram queda nas vendas e encomendas em janeiro, em compara\u00e7\u00e3o com igual m\u00eas de 2015, revela sondagem feita pela Associa\u00e7\u00e3o Brasileira da Ind\u00fastria El\u00e9trica e Eletr\u00f4nica (Abinee). Segundo o levantamento, 54% das companhias tiveram neg\u00f3cios abaixo do previsto. Quanto ao n\u00edvel de emprego, 41% [&hellip;]<\/p>\n","protected":false},"author":2,"featured_media":57578,"comment_status":"open","ping_status":"closed","sticky":false,"template":"","format":"standard","meta":{"_genesis_hide_title":false,"_genesis_hide_breadcrumbs":false,"_genesis_hide_singular_image":false,"_genesis_hide_footer_widgets":false,"_genesis_custom_body_class":"","_genesis_custom_post_class":"","_genesis_layout":"","_jetpack_memberships_contains_paid_content":false,"footnotes":""},"categories":[22,7],"tags":[],"class_list":{"0":"post-81229","1":"post","2":"type-post","3":"status-publish","4":"format-standard","5":"has-post-thumbnail","7":"category-brasil","8":"category-economia","9":"entry","10":"gs-1","11":"gs-odd","12":"gs-even","13":"gs-featured-content-entry"},"jetpack_featured_media_url":"https:\/\/www.redenoticia.com.br\/noticia\/imagens\/tecnologia-computador.jpg","jetpack_sharing_enabled":true,"jetpack_likes_enabled":true,"_links":{"self":[{"href":"https:\/\/www.redenoticia.com.br\/noticia\/wp-json\/wp\/v2\/posts\/81229","targetHints":{"allow":["GET"]}}],"collection":[{"href":"https:\/\/www.redenoticia.com.br\/noticia\/wp-json\/wp\/v2\/posts"}],"about":[{"href":"https:\/\/www.redenoticia.com.br\/noticia\/wp-json\/wp\/v2\/types\/post"}],"author":[{"embeddable":true,"href":"https:\/\/www.redenoticia.com.br\/noticia\/wp-json\/wp\/v2\/users\/2"}],"replies":[{"embeddable":true,"href":"https:\/\/www.redenoticia.com.br\/noticia\/wp-json\/wp\/v2\/comments?post=81229"}],"version-history":[{"count":0,"href":"https:\/\/www.redenoticia.com.br\/noticia\/wp-json\/wp\/v2\/posts\/81229\/revisions"}],"wp:featuredmedia":[{"embeddable":true,"href":"https:\/\/www.redenoticia.com.br\/noticia\/wp-json\/wp\/v2\/media\/57578"}],"wp:attachment":[{"href":"https:\/\/www.redenoticia.com.br\/noticia\/wp-json\/wp\/v2\/media?parent=81229"}],"wp:term":[{"taxonomy":"category","embeddable":true,"href":"https:\/\/www.redenoticia.com.br\/noticia\/wp-json\/wp\/v2\/categories?post=81229"},{"taxonomy":"post_tag","embeddable":true,"href":"https:\/\/www.redenoticia.com.br\/noticia\/wp-json\/wp\/v2\/tags?post=81229"}],"curies":[{"name":"wp","href":"https:\/\/api.w.org\/{rel}","templated":true}]}}