{"id":81227,"date":"2016-02-19T10:08:51","date_gmt":"2016-02-19T12:08:51","guid":{"rendered":"http:\/\/www.redenoticia.com.br\/noticia\/?p=81227"},"modified":"2016-02-18T17:10:02","modified_gmt":"2016-02-18T19:10:02","slug":"alunos-da-fatec-criam-aplicativo-de-compras-para-3a-idade","status":"publish","type":"post","link":"https:\/\/www.redenoticia.com.br\/noticia\/2016\/alunos-da-fatec-criam-aplicativo-de-compras-para-3a-idade\/81227","title":{"rendered":"Alunos da Fatec criam aplicativo de compras para 3\u00aa idade"},"content":{"rendered":"<p> Facilitar a vida do p\u00fablico da terceira idade na hora das <strong><em>comprar por meio de plataforma digital<\/em><\/strong> \u00e9 a proposta do software para web e sistema Android\u00a0E-tranquilo. O projeto foi desenvolvido pelos estudantes de Sistemas para Internet da Faculdade de Tecnologia do Estado de S\u00e3o Paulo (Fatec) de Ja\u00fa, Noemi Almeida Bucci, Samuel Martins Barbetta e Gabriela Soares de Oliveira.<\/p>\n<p>O p\u00fablico-alvo apareceu depois de o grupo realizar pesquisas junto \u00e0 associa\u00e7\u00e3o de aposentados de Ja\u00fa. \u201cFoi uma grata surpresa descobrir que 72% dos integrantes j\u00e1 havia comprado pela internet e que a maioria deles gostou da experi\u00eancia\u201d, conta um dos orientadores do projeto, Jos\u00e9 Augusto Christianini Filho. \u00a0A pesquisa, orientada tamb\u00e9m pelo professor Anderson Ferreira Fernandes, mostrou que os itens mais procurados pelos idosos s\u00e3o materiais de primeira necessidade, como alimenta\u00e7\u00e3o e farm\u00e1cia.<\/p>\n<p>\u201cA interface simples e objetiva e a maneira como o site disp\u00f5e os produtos, separado por categorias da mesma forma que um supermercado f\u00edsico, \u00e9 uma caracter\u00edstica importante\u201d, explica Noemi. \u201cMas o maior diferencial \u00e9 oferecer a entrega dos produtos em casa com o pagamento na forma de \u2018contra entrega\u2019: o cliente paga na hora em que recebe\u201d.<\/p>\n<p>Aperfei\u00e7oamento<br \/>\nDepois de vencer a 9\u00aa edi\u00e7\u00e3o da Feira Tecnol\u00f3gica do Centro Paula Souza, a Feteps, na categoria Seguran\u00e7a e Sa\u00fade, o projeto est\u00e1 em fase de aperfei\u00e7oamento e de prospec\u00e7\u00e3o junto a empresas e supermercados que possam investir no produto. No evento, os alunos trocaram experi\u00eancias, dicas e receberam sugest\u00f5es para melhorar o empreendimento. As formas de rentabilizar a iniciativa e transformar a proposta em um neg\u00f3cio tamb\u00e9m est\u00e3o sendo estudadas pela equipe.<\/p>\n<p>Do Portal do Governo do Estado\u00a0SP<\/p>\n","protected":false},"excerpt":{"rendered":"<p>Facilitar a vida do p\u00fablico da terceira idade na hora das comprar por meio de plataforma digital \u00e9 a proposta do software para web e sistema Android\u00a0E-tranquilo. O projeto foi desenvolvido pelos estudantes de Sistemas para Internet da Faculdade de Tecnologia do Estado de S\u00e3o Paulo (Fatec) de Ja\u00fa, Noemi Almeida Bucci, Samuel Martins Barbetta [&hellip;]<\/p>\n","protected":false},"author":2,"featured_media":37419,"comment_status":"open","ping_status":"closed","sticky":false,"template":"","format":"standard","meta":{"_genesis_hide_title":false,"_genesis_hide_breadcrumbs":false,"_genesis_hide_singular_image":false,"_genesis_hide_footer_widgets":false,"_genesis_custom_body_class":"","_genesis_custom_post_class":"","_genesis_layout":"","_jetpack_memberships_contains_paid_content":false,"footnotes":""},"categories":[22],"tags":[],"class_list":{"0":"post-81227","1":"post","2":"type-post","3":"status-publish","4":"format-standard","5":"has-post-thumbnail","7":"category-brasil","8":"entry","9":"gs-1","10":"gs-odd","11":"gs-even","12":"gs-featured-content-entry"},"jetpack_featured_media_url":"https:\/\/www.redenoticia.com.br\/noticia\/imagens\/computador-tecnologia.jpg","jetpack_sharing_enabled":true,"jetpack_likes_enabled":true,"_links":{"self":[{"href":"https:\/\/www.redenoticia.com.br\/noticia\/wp-json\/wp\/v2\/posts\/81227","targetHints":{"allow":["GET"]}}],"collection":[{"href":"https:\/\/www.redenoticia.com.br\/noticia\/wp-json\/wp\/v2\/posts"}],"about":[{"href":"https:\/\/www.redenoticia.com.br\/noticia\/wp-json\/wp\/v2\/types\/post"}],"author":[{"embeddable":true,"href":"https:\/\/www.redenoticia.com.br\/noticia\/wp-json\/wp\/v2\/users\/2"}],"replies":[{"embeddable":true,"href":"https:\/\/www.redenoticia.com.br\/noticia\/wp-json\/wp\/v2\/comments?post=81227"}],"version-history":[{"count":0,"href":"https:\/\/www.redenoticia.com.br\/noticia\/wp-json\/wp\/v2\/posts\/81227\/revisions"}],"wp:featuredmedia":[{"embeddable":true,"href":"https:\/\/www.redenoticia.com.br\/noticia\/wp-json\/wp\/v2\/media\/37419"}],"wp:attachment":[{"href":"https:\/\/www.redenoticia.com.br\/noticia\/wp-json\/wp\/v2\/media?parent=81227"}],"wp:term":[{"taxonomy":"category","embeddable":true,"href":"https:\/\/www.redenoticia.com.br\/noticia\/wp-json\/wp\/v2\/categories?post=81227"},{"taxonomy":"post_tag","embeddable":true,"href":"https:\/\/www.redenoticia.com.br\/noticia\/wp-json\/wp\/v2\/tags?post=81227"}],"curies":[{"name":"wp","href":"https:\/\/api.w.org\/{rel}","templated":true}]}}