{"id":81199,"date":"2016-02-18T10:47:42","date_gmt":"2016-02-18T12:47:42","guid":{"rendered":"http:\/\/www.redenoticia.com.br\/noticia\/?p=81199"},"modified":"2016-02-17T16:48:44","modified_gmt":"2016-02-17T18:48:44","slug":"servicos-caem-36-em-2015-revela-pesquisa-do-ibge","status":"publish","type":"post","link":"https:\/\/www.redenoticia.com.br\/noticia\/2016\/servicos-caem-36-em-2015-revela-pesquisa-do-ibge\/81199","title":{"rendered":"Servi\u00e7os caem 3,6% em 2015, revela pesquisa do IBGE"},"content":{"rendered":"<p> As <strong><em>atividades do setor de servi\u00e7os<\/em><\/strong> continuam em queda. Em todo o pa\u00eds, em dezembro, o volume de servi\u00e7os recuou 5% na compara\u00e7\u00e3o com o mesmo per\u00edodo de 2014, um pouco menos do que em novembro (6,4%) e outubro (5,8%).<\/p>\n<p>A informa\u00e7\u00e3o foi divulgada pelo Instituto Brasileiro de Geografia e Estat\u00edstica (IBGE). Mar\u00e7o foi o \u00fanico m\u00eas de 2015 com desempenho positivo. No ano e no acumulado de 12 meses, as perdas atingem 3,6%.<\/p>\n<p>Segundo a Pesquisa Mensal de Servi\u00e7os (PMS), entre os cinco setores analisados para compor o indicador, o item outros servi\u00e7os teve a maior queda: 10%. Em seguida, est\u00e3o os servi\u00e7os profissionais, administrativos e complementares (-8,8%), servi\u00e7os de transportes, servi\u00e7os auxiliares dos transportes e correios (-6.7%), al\u00e9m de servi\u00e7os prestados \u00e0s fam\u00edlias (7%).<\/p>\n<p>J\u00e1 o desempenho do segmento servi\u00e7os de informa\u00e7\u00e3o e telecomunica\u00e7\u00e3o teve um resultado um pouco melhor: -0,4%, depois de quedas de 4,3% em novembro e 3,2% em dezembro. O movimento \u00e9 reflexo do crescimento de servi\u00e7os em tecnologia da informa\u00e7\u00e3o: 8,2%.<\/p>\n<p>Com os dados de dezembro fechados, o IBGE constata o \u201cdesaquecimento do setor entre 2014 e 2015, com redu\u00e7\u00f5es seguidas das taxas de crescimento de volume, atingindo -5,7% no 4\u00ba trimestre de 2015\u201d. O \u00edndice \u00e9 o menor nessa compara\u00e7\u00e3o, indica a pesquisa.<\/p>\n<p>A receita nominal do setor servi\u00e7os aumentou 0,3% em dezembro em rela\u00e7\u00e3o a dezembro de 2014, depois de cair 0,9% em novembro e 0,4% em outubro. A taxa acumulada da receita nominal, no per\u00edodo de um ano e tamb\u00e9m no de 12 meses, subiu 1,3%.<\/p>\n<p>Entre as regi\u00f5es, na compara\u00e7\u00e3o entre dezembro de 2015 e de 2014, o resultado do setor \u00e9 positivo em Roraima (12,6%), Mato Grosso (10,5%) e Rond\u00f4nia (3%). J\u00e1 em as menores taxas foram identificadas no Amap\u00e1 (-16,8%), Maranh\u00e3o (-13,8%) e na Bahia (-12,7%). <\/p>\n<p>Isabela Vieira &#8211; Rep\u00f3rter da Ag\u00eancia Brasil<br \/>\nEdi\u00e7\u00e3o: Kleber Sampaio<br \/>\n18\/02\/2016 <\/p>\n","protected":false},"excerpt":{"rendered":"<p>As atividades do setor de servi\u00e7os continuam em queda. Em todo o pa\u00eds, em dezembro, o volume de servi\u00e7os recuou 5% na compara\u00e7\u00e3o com o mesmo per\u00edodo de 2014, um pouco menos do que em novembro (6,4%) e outubro (5,8%). A informa\u00e7\u00e3o foi divulgada pelo Instituto Brasileiro de Geografia e Estat\u00edstica (IBGE). Mar\u00e7o foi o [&hellip;]<\/p>\n","protected":false},"author":2,"featured_media":57585,"comment_status":"open","ping_status":"closed","sticky":false,"template":"","format":"standard","meta":{"_genesis_hide_title":false,"_genesis_hide_breadcrumbs":false,"_genesis_hide_singular_image":false,"_genesis_hide_footer_widgets":false,"_genesis_custom_body_class":"","_genesis_custom_post_class":"","_genesis_layout":"","_jetpack_memberships_contains_paid_content":false,"footnotes":""},"categories":[22,7],"tags":[],"class_list":{"0":"post-81199","1":"post","2":"type-post","3":"status-publish","4":"format-standard","5":"has-post-thumbnail","7":"category-brasil","8":"category-economia","9":"entry","10":"gs-1","11":"gs-odd","12":"gs-even","13":"gs-featured-content-entry"},"jetpack_featured_media_url":"https:\/\/www.redenoticia.com.br\/noticia\/imagens\/analise-economia.jpg","jetpack_sharing_enabled":true,"jetpack_likes_enabled":true,"_links":{"self":[{"href":"https:\/\/www.redenoticia.com.br\/noticia\/wp-json\/wp\/v2\/posts\/81199","targetHints":{"allow":["GET"]}}],"collection":[{"href":"https:\/\/www.redenoticia.com.br\/noticia\/wp-json\/wp\/v2\/posts"}],"about":[{"href":"https:\/\/www.redenoticia.com.br\/noticia\/wp-json\/wp\/v2\/types\/post"}],"author":[{"embeddable":true,"href":"https:\/\/www.redenoticia.com.br\/noticia\/wp-json\/wp\/v2\/users\/2"}],"replies":[{"embeddable":true,"href":"https:\/\/www.redenoticia.com.br\/noticia\/wp-json\/wp\/v2\/comments?post=81199"}],"version-history":[{"count":0,"href":"https:\/\/www.redenoticia.com.br\/noticia\/wp-json\/wp\/v2\/posts\/81199\/revisions"}],"wp:featuredmedia":[{"embeddable":true,"href":"https:\/\/www.redenoticia.com.br\/noticia\/wp-json\/wp\/v2\/media\/57585"}],"wp:attachment":[{"href":"https:\/\/www.redenoticia.com.br\/noticia\/wp-json\/wp\/v2\/media?parent=81199"}],"wp:term":[{"taxonomy":"category","embeddable":true,"href":"https:\/\/www.redenoticia.com.br\/noticia\/wp-json\/wp\/v2\/categories?post=81199"},{"taxonomy":"post_tag","embeddable":true,"href":"https:\/\/www.redenoticia.com.br\/noticia\/wp-json\/wp\/v2\/tags?post=81199"}],"curies":[{"name":"wp","href":"https:\/\/api.w.org\/{rel}","templated":true}]}}