{"id":81197,"date":"2016-02-18T10:46:45","date_gmt":"2016-02-18T12:46:45","guid":{"rendered":"http:\/\/www.redenoticia.com.br\/noticia\/?p=81197"},"modified":"2016-02-17T16:47:37","modified_gmt":"2016-02-17T18:47:37","slug":"igp-10-mostra-que-inflacao-de-fevereiro-sobe-155","status":"publish","type":"post","link":"https:\/\/www.redenoticia.com.br\/noticia\/2016\/igp-10-mostra-que-inflacao-de-fevereiro-sobe-155\/81197","title":{"rendered":"IGP-10 mostra que infla\u00e7\u00e3o de fevereiro sobe 1,55%"},"content":{"rendered":"<p> O \u00cdndice Geral de Pre\u00e7os-10 (<strong><em>IGP-10<\/em><\/strong>) acelerou em fevereiro e registrou varia\u00e7\u00e3o de 1,55%, informou o Instituto Brasileiro de Economia, da Funda\u00e7\u00e3o Get\u00falio Vargas (Ibre\/FGV). O indicador ficou acima da marca de janeiro, quando foi de 0,69%, e tamb\u00e9m superou fevereiro de 2015, m\u00eas em que variou 0,43%<\/p>\n<p>Com o resultado, subiu para 12,05% a varia\u00e7\u00e3o de pre\u00e7os acumulada nos \u00faltimos 12 meses, e, nos dois primeiros meses de 2016, a infla\u00e7\u00e3o medida pelo indicador j\u00e1 acumula 2,24%.<\/p>\n<p>O aumento da taxa de varia\u00e7\u00e3o se deu em todos os \u00edndices que comp\u00f5em o IGP-10. O \u00cdndice de Pre\u00e7os ao Produtor Amplo passou de 0,63% em janeiro para 1,69% em fevereiro. Bens finais, intermedi\u00e1rios e mat\u00e9rias-primas brutas variaram acima do \u00edndice geral, puxando o resultado para cima.<\/p>\n<p>J\u00e1 o \u00cdndice de Pre\u00e7os ao Consumidor acelerou de 1,05% para 1,64%, com destaque para a varia\u00e7\u00e3o do grupo transportes, em que a infla\u00e7\u00e3o passou de 0,77% para 2,26% principalmente por causa dos reajustes dos \u00f4nibus urbanos.<\/p>\n<p>O \u00cdndice Nacional de Custo da Constru\u00e7\u00e3o (Incc) tamb\u00e9m teve alta em fevereiro &#8211; 0,37% contra 0,22% em janeiro. M\u00e3o de obra, materiais, equipamentos e servi\u00e7os aumentaram mais em fevereiro que em janeiro.<\/p>\n<p>O IGP-10 \u00e9 calculado pelo Ibre a partir de dados coletados entre os dias 11 do m\u00eas anterior e 10 do m\u00eas de refer\u00eancia. Os resultados divulgados hoje se referem ao per\u00edodo de 11 de janeiro a 10 de fevereiro.<\/p>\n<p>Vin\u00edcius Lisboa &#8211; Rep\u00f3rter da Ag\u00eancia Brasil<br \/>\nEdi\u00e7\u00e3o: Kleber Sampaio<br \/>\n18\/02\/2016<\/p>\n","protected":false},"excerpt":{"rendered":"<p>O \u00cdndice Geral de Pre\u00e7os-10 (IGP-10) acelerou em fevereiro e registrou varia\u00e7\u00e3o de 1,55%, informou o Instituto Brasileiro de Economia, da Funda\u00e7\u00e3o Get\u00falio Vargas (Ibre\/FGV). O indicador ficou acima da marca de janeiro, quando foi de 0,69%, e tamb\u00e9m superou fevereiro de 2015, m\u00eas em que variou 0,43% Com o resultado, subiu para 12,05% a [&hellip;]<\/p>\n","protected":false},"author":2,"featured_media":57584,"comment_status":"open","ping_status":"closed","sticky":false,"template":"","format":"standard","meta":{"_genesis_hide_title":false,"_genesis_hide_breadcrumbs":false,"_genesis_hide_singular_image":false,"_genesis_hide_footer_widgets":false,"_genesis_custom_body_class":"","_genesis_custom_post_class":"","_genesis_layout":"","_jetpack_memberships_contains_paid_content":false,"footnotes":""},"categories":[22,7],"tags":[],"class_list":{"0":"post-81197","1":"post","2":"type-post","3":"status-publish","4":"format-standard","5":"has-post-thumbnail","7":"category-brasil","8":"category-economia","9":"entry","10":"gs-1","11":"gs-odd","12":"gs-even","13":"gs-featured-content-entry"},"jetpack_featured_media_url":"https:\/\/www.redenoticia.com.br\/noticia\/imagens\/economia-grafica-analise-inflacao.jpg","jetpack_sharing_enabled":true,"jetpack_likes_enabled":true,"_links":{"self":[{"href":"https:\/\/www.redenoticia.com.br\/noticia\/wp-json\/wp\/v2\/posts\/81197","targetHints":{"allow":["GET"]}}],"collection":[{"href":"https:\/\/www.redenoticia.com.br\/noticia\/wp-json\/wp\/v2\/posts"}],"about":[{"href":"https:\/\/www.redenoticia.com.br\/noticia\/wp-json\/wp\/v2\/types\/post"}],"author":[{"embeddable":true,"href":"https:\/\/www.redenoticia.com.br\/noticia\/wp-json\/wp\/v2\/users\/2"}],"replies":[{"embeddable":true,"href":"https:\/\/www.redenoticia.com.br\/noticia\/wp-json\/wp\/v2\/comments?post=81197"}],"version-history":[{"count":0,"href":"https:\/\/www.redenoticia.com.br\/noticia\/wp-json\/wp\/v2\/posts\/81197\/revisions"}],"wp:featuredmedia":[{"embeddable":true,"href":"https:\/\/www.redenoticia.com.br\/noticia\/wp-json\/wp\/v2\/media\/57584"}],"wp:attachment":[{"href":"https:\/\/www.redenoticia.com.br\/noticia\/wp-json\/wp\/v2\/media?parent=81197"}],"wp:term":[{"taxonomy":"category","embeddable":true,"href":"https:\/\/www.redenoticia.com.br\/noticia\/wp-json\/wp\/v2\/categories?post=81197"},{"taxonomy":"post_tag","embeddable":true,"href":"https:\/\/www.redenoticia.com.br\/noticia\/wp-json\/wp\/v2\/tags?post=81197"}],"curies":[{"name":"wp","href":"https:\/\/api.w.org\/{rel}","templated":true}]}}