{"id":81195,"date":"2016-02-18T10:45:48","date_gmt":"2016-02-18T12:45:48","guid":{"rendered":"http:\/\/www.redenoticia.com.br\/noticia\/?p=81195"},"modified":"2016-02-17T16:46:39","modified_gmt":"2016-02-17T18:46:39","slug":"pesquisa-mostra-queda-na-procura-por-credito-de-26-em-janeiro","status":"publish","type":"post","link":"https:\/\/www.redenoticia.com.br\/noticia\/2016\/pesquisa-mostra-queda-na-procura-por-credito-de-26-em-janeiro\/81195","title":{"rendered":"Pesquisa mostra queda na procura por cr\u00e9dito de 2,6% em janeiro"},"content":{"rendered":"<p> A quantidade de pessoas que buscou <strong><em>cr\u00e9dito<\/em><\/strong> em janeiro de 2016 caiu 2,6%, em compara\u00e7\u00e3o com o mesmo m\u00eas de 2015, conforme dados, divulgados pela empresa Serasa Experian, segundo a qual \u201cjuros e infla\u00e7\u00e3o altos, desemprego em ascens\u00e3o e baixo grau de confian\u00e7a est\u00e3o afugentando os consumidores do cr\u00e9dito, a exemplo do que ocorreu ao longo de todo o ano passado\u201d.<\/p>\n<p>Segundo a Serasa, na compara\u00e7\u00e3o de janeiro com o mesmo m\u00eas de 2015, houve recuo na procura por cr\u00e9dito em todas as classes de renda. O maior deles foi a retra\u00e7\u00e3o de 7,1% na faixa de quem ganha at\u00e9 R$ 500 por m\u00eas. Para os que recebem entre R$ 500 e R$ 1.000, a queda foi de 2,8%, e de 2,7% para aqueles que ganham mais de R$ 10.000 por m\u00eas.<\/p>\n<p>Para os que recebem entre R$ 1.000 e R$ 2.000 por m\u00eas e para os que ganham entre R$ 5.000 e R$ 10.000 mensais, o recuo foi id\u00eantico: de 1,8%. J\u00e1 os que recebem entre R$ 2.000 e R$ 5.000, a queda foi 1,6%.<\/p>\n<p>A diminui\u00e7\u00e3o da demanda tamb\u00e9m ocorreu em todas as regi\u00f5es do pa\u00eds. No Nordeste, o recuo foi de 8,2%; no Centro-Oeste, 6,8%. No Norte, a retra\u00e7\u00e3o foi de 3,9%; e no Sul e Sudeste, as quedas foram de 0,7% e 0,3%, respectivamente.Em rela\u00e7\u00e3o ao \u00faltimo m\u00eas do ano passado, dezembro, a queda na demanda de cr\u00e9dito no pa\u00eds foi de 0,6%.<\/p>\n<p>Bruno Bocchini &#8211; Rep\u00f3rter da Ag\u00eancia Brasil<br \/>\nEdi\u00e7\u00e3o: Jorge Wamburg<br \/>\n18\/02\/2016<\/p>\n","protected":false},"excerpt":{"rendered":"<p>A quantidade de pessoas que buscou cr\u00e9dito em janeiro de 2016 caiu 2,6%, em compara\u00e7\u00e3o com o mesmo m\u00eas de 2015, conforme dados, divulgados pela empresa Serasa Experian, segundo a qual \u201cjuros e infla\u00e7\u00e3o altos, desemprego em ascens\u00e3o e baixo grau de confian\u00e7a est\u00e3o afugentando os consumidores do cr\u00e9dito, a exemplo do que ocorreu ao [&hellip;]<\/p>\n","protected":false},"author":2,"featured_media":40734,"comment_status":"open","ping_status":"closed","sticky":false,"template":"","format":"standard","meta":{"_genesis_hide_title":false,"_genesis_hide_breadcrumbs":false,"_genesis_hide_singular_image":false,"_genesis_hide_footer_widgets":false,"_genesis_custom_body_class":"","_genesis_custom_post_class":"","_genesis_layout":"","_jetpack_memberships_contains_paid_content":false,"footnotes":""},"categories":[22,7],"tags":[],"class_list":{"0":"post-81195","1":"post","2":"type-post","3":"status-publish","4":"format-standard","5":"has-post-thumbnail","7":"category-brasil","8":"category-economia","9":"entry","10":"gs-1","11":"gs-odd","12":"gs-even","13":"gs-featured-content-entry"},"jetpack_featured_media_url":"https:\/\/www.redenoticia.com.br\/noticia\/imagens\/economia-resultados.jpg","jetpack_sharing_enabled":true,"jetpack_likes_enabled":true,"_links":{"self":[{"href":"https:\/\/www.redenoticia.com.br\/noticia\/wp-json\/wp\/v2\/posts\/81195","targetHints":{"allow":["GET"]}}],"collection":[{"href":"https:\/\/www.redenoticia.com.br\/noticia\/wp-json\/wp\/v2\/posts"}],"about":[{"href":"https:\/\/www.redenoticia.com.br\/noticia\/wp-json\/wp\/v2\/types\/post"}],"author":[{"embeddable":true,"href":"https:\/\/www.redenoticia.com.br\/noticia\/wp-json\/wp\/v2\/users\/2"}],"replies":[{"embeddable":true,"href":"https:\/\/www.redenoticia.com.br\/noticia\/wp-json\/wp\/v2\/comments?post=81195"}],"version-history":[{"count":0,"href":"https:\/\/www.redenoticia.com.br\/noticia\/wp-json\/wp\/v2\/posts\/81195\/revisions"}],"wp:featuredmedia":[{"embeddable":true,"href":"https:\/\/www.redenoticia.com.br\/noticia\/wp-json\/wp\/v2\/media\/40734"}],"wp:attachment":[{"href":"https:\/\/www.redenoticia.com.br\/noticia\/wp-json\/wp\/v2\/media?parent=81195"}],"wp:term":[{"taxonomy":"category","embeddable":true,"href":"https:\/\/www.redenoticia.com.br\/noticia\/wp-json\/wp\/v2\/categories?post=81195"},{"taxonomy":"post_tag","embeddable":true,"href":"https:\/\/www.redenoticia.com.br\/noticia\/wp-json\/wp\/v2\/tags?post=81195"}],"curies":[{"name":"wp","href":"https:\/\/api.w.org\/{rel}","templated":true}]}}