{"id":81193,"date":"2016-02-18T10:44:40","date_gmt":"2016-02-18T12:44:40","guid":{"rendered":"http:\/\/www.redenoticia.com.br\/noticia\/?p=81193"},"modified":"2016-02-17T16:45:42","modified_gmt":"2016-02-17T18:45:42","slug":"feriados-geram-perda-de-receita-para-o-comercio-do-rio-de-quase-r-7-bilhoes","status":"publish","type":"post","link":"https:\/\/www.redenoticia.com.br\/noticia\/2016\/feriados-geram-perda-de-receita-para-o-comercio-do-rio-de-quase-r-7-bilhoes\/81193","title":{"rendered":"Feriados geram perda de receita para o com\u00e9rcio do Rio de quase R$ 7 bilh\u00f5es"},"content":{"rendered":"<p> Pesquisa divulgada pelo Centro de Estudos do Clube de Diretores Lojistas do Rio de Janeiro (CDL Rio) indica que os 15 <strong><em>feriados deste ano provocar\u00e3o uma perda de faturamento<\/em><\/strong> para o com\u00e9rcio da capital fluminense de R$ 6,813 bilh\u00f5es. Por dia parado, a perda m\u00e9dia foi estimada em R$ 381 milh\u00f5es. Os n\u00fameros se baseiam em dados do Instituto Brasileiro de Geografia e Estat\u00edstica (IBGE) e foram corrigidos para 2016.<\/p>\n<p>O presidente do CDL Rio, Aldo Gon\u00e7alves, disse que s\u00e3o dez feriados nacionais, tr\u00eas feriados estaduais e dois municipais, sendo que 11 feriados caem em dias \u00fateis e alguns, que  ocorrem em ter\u00e7a-feira ou quinta-feira, t\u00eam a possibilidade de \u201cenforcamento\u201d.<\/p>\n<p>O com\u00e9rcio mais prejudicado com essa pr\u00e1tica \u00e9 o do centro da cidade, que fica deserto. J\u00e1 as \u00e1reas com maior fluxo de turistas sofrem tamb\u00e9m, mas em menor escala, apontou. \u201cComo o Sindicato dos Lojistas tem um acordo, uma conven\u00e7\u00e3o coletiva com o Sindicato dos Empregados do Com\u00e9rcio, as lojas podem abrir mas, dependendo da localiza\u00e7\u00e3o e do ramo do neg\u00f3cio, n\u00e3o compensa abrir\u201d, explicou. Para as lojas que abrem, isso tem um custo, porque significa pagar horas extras trabalhadas, pagar lanche para os funcion\u00e1rios, entre outros gastos.<\/p>\n<p>Gon\u00e7alves diz que a maior parte das compras feitas no com\u00e9rcio \u00e9 por impulso. \u201cQuem n\u00e3o comprou hoje, n\u00e3o significa que vai comprar amanh\u00e3. A perda do faturamento de um dia n\u00e3o tem retorno no dia seguinte. A n\u00e3o ser em caso de compra de rem\u00e9dio\u201d.<\/p>\n<p>O presidente do CDL Rio defendeu que, a exemplo do que ocorre em pa\u00edses estrangeiros, como os Estados Unidos, feriados deviam ser considerados pontos facultativos, sem implicar no fechamento do com\u00e9rcio. \u201cIsso seria mais l\u00f3gico\u201d. Ele disse que nos pontos facultativos, s\u00f3 reparti\u00e7\u00f5es e col\u00e9gios n\u00e3o funcionam. \u201cMas a economia funciona\u201d.<\/p>\n<p>Alana Gandra &#8211; Rep\u00f3rter da Ag\u00eancia Brasil<br \/>\nEdi\u00e7\u00e3o: F\u00e1bio Massalli<br \/>\n18\/02\/2016<\/p>\n","protected":false},"excerpt":{"rendered":"<p>Pesquisa divulgada pelo Centro de Estudos do Clube de Diretores Lojistas do Rio de Janeiro (CDL Rio) indica que os 15 feriados deste ano provocar\u00e3o uma perda de faturamento para o com\u00e9rcio da capital fluminense de R$ 6,813 bilh\u00f5es. Por dia parado, a perda m\u00e9dia foi estimada em R$ 381 milh\u00f5es. Os n\u00fameros se baseiam [&hellip;]<\/p>\n","protected":false},"author":2,"featured_media":57583,"comment_status":"open","ping_status":"closed","sticky":false,"template":"","format":"standard","meta":{"_genesis_hide_title":false,"_genesis_hide_breadcrumbs":false,"_genesis_hide_singular_image":false,"_genesis_hide_footer_widgets":false,"_genesis_custom_body_class":"","_genesis_custom_post_class":"","_genesis_layout":"","_jetpack_memberships_contains_paid_content":false,"footnotes":""},"categories":[22,7],"tags":[],"class_list":{"0":"post-81193","1":"post","2":"type-post","3":"status-publish","4":"format-standard","5":"has-post-thumbnail","7":"category-brasil","8":"category-economia","9":"entry","10":"gs-1","11":"gs-odd","12":"gs-even","13":"gs-featured-content-entry"},"jetpack_featured_media_url":"https:\/\/www.redenoticia.com.br\/noticia\/imagens\/economia-grafico.jpg","jetpack_sharing_enabled":true,"jetpack_likes_enabled":true,"_links":{"self":[{"href":"https:\/\/www.redenoticia.com.br\/noticia\/wp-json\/wp\/v2\/posts\/81193","targetHints":{"allow":["GET"]}}],"collection":[{"href":"https:\/\/www.redenoticia.com.br\/noticia\/wp-json\/wp\/v2\/posts"}],"about":[{"href":"https:\/\/www.redenoticia.com.br\/noticia\/wp-json\/wp\/v2\/types\/post"}],"author":[{"embeddable":true,"href":"https:\/\/www.redenoticia.com.br\/noticia\/wp-json\/wp\/v2\/users\/2"}],"replies":[{"embeddable":true,"href":"https:\/\/www.redenoticia.com.br\/noticia\/wp-json\/wp\/v2\/comments?post=81193"}],"version-history":[{"count":0,"href":"https:\/\/www.redenoticia.com.br\/noticia\/wp-json\/wp\/v2\/posts\/81193\/revisions"}],"wp:featuredmedia":[{"embeddable":true,"href":"https:\/\/www.redenoticia.com.br\/noticia\/wp-json\/wp\/v2\/media\/57583"}],"wp:attachment":[{"href":"https:\/\/www.redenoticia.com.br\/noticia\/wp-json\/wp\/v2\/media?parent=81193"}],"wp:term":[{"taxonomy":"category","embeddable":true,"href":"https:\/\/www.redenoticia.com.br\/noticia\/wp-json\/wp\/v2\/categories?post=81193"},{"taxonomy":"post_tag","embeddable":true,"href":"https:\/\/www.redenoticia.com.br\/noticia\/wp-json\/wp\/v2\/tags?post=81193"}],"curies":[{"name":"wp","href":"https:\/\/api.w.org\/{rel}","templated":true}]}}