{"id":81191,"date":"2016-02-18T10:43:34","date_gmt":"2016-02-18T12:43:34","guid":{"rendered":"http:\/\/www.redenoticia.com.br\/noticia\/?p=81191"},"modified":"2016-02-17T16:44:33","modified_gmt":"2016-02-17T18:44:33","slug":"brasilia-e-sao-paulo-tem-as-cestas-basicas-mais-caras-do-pais-diz-dieese","status":"publish","type":"post","link":"https:\/\/www.redenoticia.com.br\/noticia\/2016\/brasilia-e-sao-paulo-tem-as-cestas-basicas-mais-caras-do-pais-diz-dieese\/81191","title":{"rendered":"Bras\u00edlia e S\u00e3o Paulo t\u00eam as cestas b\u00e1sicas mais caras do pa\u00eds, diz Dieese"},"content":{"rendered":"<p> Para comprar os itens que comp\u00f5em a <strong><em>cesta b\u00e1sica<\/em><\/strong>, os consumidores est\u00e3o pagando mais caro em 27 capitais, revela a Pesquisa Nacional da Cesta B\u00e1sica de Alimentos, do Departamento Intersindical de Estat\u00edstica e Estudos Socioecon\u00f4micos (Dieese). Desde janeiro, o levantamento, que era feito em 18 cidades, inclui mais nove capitais: Cuiab\u00e1, Palmas, Macei\u00f3, S\u00e3o Luis, Teresina, Macap\u00e1, Rio Branco, Porto Velho e Boa Vista.<\/p>\n<p>Em janeiro, Goi\u00e2nia teve o maior reajuste m\u00e9dio (15,75%) sobre o conjunto de 13 produtos que comp\u00f5em a cesta: carne, leite, feij\u00e3o, arroz, farinha, batata, tomate, p\u00e3o, caf\u00e9, banana, a\u00e7\u00facar, \u00f3leo e manteiga. O valor da cesta na capital goiana, R$ 388,45, ficou abaixo apenas do de Bras\u00edlia (R$ 451,76), onde o aumento foi de 13,32%, e do de S\u00e3o Paulo, que ficou em R$ 448,31, 7,22% acima do de dezembro.<\/p>\n<p>Em seguida, ficaram o Rio de Janeiro, com a cesta custando R$ 448,06, com alta de 12,6%, e Vit\u00f3ria, com valor de R$ 438,42 e alta de 12,7% em rela\u00e7\u00e3o \u00e0 de dezembro. Em Belo Horizonte, houve aumento de 12,75% e o valor atingiu R$ 417,72.<\/p>\n<p>Curitiba registrou o menor percentual de reajuste (1,71%), com a cesta b\u00e1sica passando a custar R$ 398,46. Em seguida, ficaram Porto Alegre, com aumento de  1,94% e custo de R$ 432,64; Florian\u00f3polis, alta de 3,1% e valor R$ 437,24; e Recife, com a cesta 3,18% mais cara, saindo por R$ 344,47. Os valores mais baixos foram registrados em Natal (R$ 329,20), com alta de 5,36%; Macei\u00f3 (R$ 337,32), com aumento de 3,97%; e Rio Branco (R$ 341,53) e cesta 9,83% mais cara.<\/p>\n<p>O Dieese considera ideal para suprir as necessidades b\u00e1sicas de uma fam\u00edlia de quatro pessoas um sal\u00e1rio m\u00ednimo de R$ 3.795,24, ou 4,31 vezes mais do que o valor atualmente em vigor (R$ 880). Em dezembro, o Dieese considerava ideal o valor de R$ 3.565,30, ou 4,52 vezes mais do que o m\u00ednimo em vigor, naquele per\u00edodo (R$ 788,00). <\/p>\n<p> Entre os produtos que mais subiram de pre\u00e7o est\u00e3o o feij\u00e3o, o tomate, o \u00f3leo de soja, o a\u00e7\u00facar, a banana, a carne a batata. A carne teve eleva\u00e7\u00e3o em 20 capitais, com destaque para Aracaju (7,64%); Bras\u00edlia (7,5%); Goi\u00e2nia (6,26%) e Salvador (5,64%). A batata ficou mais cara em 10 localidades e as maiores corre\u00e7\u00f5es ocorreram em Goi\u00e2nia (37,61%); Bras\u00edlia (27,56%) e campo Grande (23,22%).<\/p>\n<p>J\u00e1 o feij\u00e3o encareceu em 26 cidades, com destaque para Bel\u00e9m (20,43%).De acordo com a an\u00e1lise t\u00e9cnica do Dieese, fatores clim\u00e1ticos, como a seca no Centro-oeste e as fortes chuvas no Sul e Sudeste, afetaram a produ\u00e7\u00e3o da leguminosa.\u201dMesmo com a entrada da safra, o feij\u00e3o est\u00e1 escasso para o consumo interno\u201d, diz a nota t\u00e9cnica.<\/p>\n<p>Marli Moreira \u2013 Rep\u00f3rter da Ag\u00eancia Brasil<br \/>\nEdi\u00e7\u00e3o: N\u00e1dia Franco<br \/>\n18\/02\/2016<\/p>\n","protected":false},"excerpt":{"rendered":"<p>Para comprar os itens que comp\u00f5em a cesta b\u00e1sica, os consumidores est\u00e3o pagando mais caro em 27 capitais, revela a Pesquisa Nacional da Cesta B\u00e1sica de Alimentos, do Departamento Intersindical de Estat\u00edstica e Estudos Socioecon\u00f4micos (Dieese). Desde janeiro, o levantamento, que era feito em 18 cidades, inclui mais nove capitais: Cuiab\u00e1, Palmas, Macei\u00f3, S\u00e3o Luis, [&hellip;]<\/p>\n","protected":false},"author":2,"featured_media":34916,"comment_status":"open","ping_status":"closed","sticky":false,"template":"","format":"standard","meta":{"_genesis_hide_title":false,"_genesis_hide_breadcrumbs":false,"_genesis_hide_singular_image":false,"_genesis_hide_footer_widgets":false,"_genesis_custom_body_class":"","_genesis_custom_post_class":"","_genesis_layout":"","_jetpack_memberships_contains_paid_content":false,"footnotes":""},"categories":[22,7],"tags":[],"class_list":{"0":"post-81191","1":"post","2":"type-post","3":"status-publish","4":"format-standard","5":"has-post-thumbnail","7":"category-brasil","8":"category-economia","9":"entry","10":"gs-1","11":"gs-odd","12":"gs-even","13":"gs-featured-content-entry"},"jetpack_featured_media_url":"https:\/\/www.redenoticia.com.br\/noticia\/imagens\/inflacao.jpg","jetpack_sharing_enabled":true,"jetpack_likes_enabled":true,"_links":{"self":[{"href":"https:\/\/www.redenoticia.com.br\/noticia\/wp-json\/wp\/v2\/posts\/81191","targetHints":{"allow":["GET"]}}],"collection":[{"href":"https:\/\/www.redenoticia.com.br\/noticia\/wp-json\/wp\/v2\/posts"}],"about":[{"href":"https:\/\/www.redenoticia.com.br\/noticia\/wp-json\/wp\/v2\/types\/post"}],"author":[{"embeddable":true,"href":"https:\/\/www.redenoticia.com.br\/noticia\/wp-json\/wp\/v2\/users\/2"}],"replies":[{"embeddable":true,"href":"https:\/\/www.redenoticia.com.br\/noticia\/wp-json\/wp\/v2\/comments?post=81191"}],"version-history":[{"count":0,"href":"https:\/\/www.redenoticia.com.br\/noticia\/wp-json\/wp\/v2\/posts\/81191\/revisions"}],"wp:featuredmedia":[{"embeddable":true,"href":"https:\/\/www.redenoticia.com.br\/noticia\/wp-json\/wp\/v2\/media\/34916"}],"wp:attachment":[{"href":"https:\/\/www.redenoticia.com.br\/noticia\/wp-json\/wp\/v2\/media?parent=81191"}],"wp:term":[{"taxonomy":"category","embeddable":true,"href":"https:\/\/www.redenoticia.com.br\/noticia\/wp-json\/wp\/v2\/categories?post=81191"},{"taxonomy":"post_tag","embeddable":true,"href":"https:\/\/www.redenoticia.com.br\/noticia\/wp-json\/wp\/v2\/tags?post=81191"}],"curies":[{"name":"wp","href":"https:\/\/api.w.org\/{rel}","templated":true}]}}