{"id":81146,"date":"2016-02-17T10:19:42","date_gmt":"2016-02-17T12:19:42","guid":{"rendered":"http:\/\/www.redenoticia.com.br\/noticia\/?p=81146"},"modified":"2016-02-16T19:20:59","modified_gmt":"2016-02-16T21:20:59","slug":"abono-do-pis-fica-disponivel-para-nascidos-em-marco-e-abril","status":"publish","type":"post","link":"https:\/\/www.redenoticia.com.br\/noticia\/2016\/abono-do-pis-fica-disponivel-para-nascidos-em-marco-e-abril\/81146","title":{"rendered":"Abono do PIS fica dispon\u00edvel para nascidos em mar\u00e7o e abril"},"content":{"rendered":"<p> Os trabalhadores nascidos em mar\u00e7o e abril podem sacar o abono salarial do Programa de Integra\u00e7\u00e3o Social (<strong><em>PIS<\/em><\/strong>) . O saque pode ser feito nas ag\u00eancias da Caixa Econ\u00f4mica Federal. Quem possui o Cart\u00e3o do Cidad\u00e3o tamb\u00e9m pode recorrer aos canais de autoatendimento do banco, casas lot\u00e9ricas e correspondentes Caixa Aqui. Quem tem conta na institui\u00e7\u00e3o financeira s\u00f3 precisa aguardar o dep\u00f3sito do dinheiro, previsto para esta quinta-feira (18).<\/p>\n<p>O abono salarial equivale a um sal\u00e1rio m\u00ednimo, atualmente em R$ 880. T\u00eam direito ao benef\u00edcio os trabalhadores que estejam cadastrados no programa h\u00e1 pelo menos cinco anos, tenham recebido remunera\u00e7\u00e3o mensal m\u00e9dia de at\u00e9 dois sal\u00e1rios m\u00ednimos e trabalhado pelo menos 30 dias em 2014 e que tenham tido seus dados informados corretamente pelo empregador na Rela\u00e7\u00e3o Anual de Informa\u00e7\u00f5es Sociais (Rais), entregue ao Minist\u00e9rio do Trabalho e Emprego.<\/p>\n<p>O trabalhador que desejar informa\u00e7\u00f5es adicionais sobre o abono pode ligar para 0800 726 0207 ou consultar o site da Caixa Econ\u00f4mica Federal. Neste m\u00eas, tamb\u00e9m ser\u00e3o pagos os rendimentos do saldo de cotas do PIS para trabalhadores cadastrados no programa at\u00e9 4 de outubro de 1988. Os valores n\u00e3o sacados retornam ao Fundo de Amparo ao Trabalhador (FAT).<\/p>\n<p>Em mar\u00e7o, os pagamentos do abono salarial do PIS ser\u00e3o feitos a partir do dia 17, para trabalhadores nascidos nos meses de maio e junho.<\/p>\n<p>Da Ag\u00eancia Brasil<br \/>\nEdi\u00e7\u00e3o: Juliana Andrade<br \/>\n17\/02\/2016<\/p>\n","protected":false},"excerpt":{"rendered":"<p>Os trabalhadores nascidos em mar\u00e7o e abril podem sacar o abono salarial do Programa de Integra\u00e7\u00e3o Social (PIS) . O saque pode ser feito nas ag\u00eancias da Caixa Econ\u00f4mica Federal. Quem possui o Cart\u00e3o do Cidad\u00e3o tamb\u00e9m pode recorrer aos canais de autoatendimento do banco, casas lot\u00e9ricas e correspondentes Caixa Aqui. Quem tem conta na [&hellip;]<\/p>\n","protected":false},"author":2,"featured_media":40734,"comment_status":"open","ping_status":"closed","sticky":false,"template":"","format":"standard","meta":{"_genesis_hide_title":false,"_genesis_hide_breadcrumbs":false,"_genesis_hide_singular_image":false,"_genesis_hide_footer_widgets":false,"_genesis_custom_body_class":"","_genesis_custom_post_class":"","_genesis_layout":"","_jetpack_memberships_contains_paid_content":false,"footnotes":""},"categories":[22,7],"tags":[],"class_list":{"0":"post-81146","1":"post","2":"type-post","3":"status-publish","4":"format-standard","5":"has-post-thumbnail","7":"category-brasil","8":"category-economia","9":"entry","10":"gs-1","11":"gs-odd","12":"gs-even","13":"gs-featured-content-entry"},"jetpack_featured_media_url":"https:\/\/www.redenoticia.com.br\/noticia\/imagens\/economia-resultados.jpg","jetpack_sharing_enabled":true,"jetpack_likes_enabled":true,"_links":{"self":[{"href":"https:\/\/www.redenoticia.com.br\/noticia\/wp-json\/wp\/v2\/posts\/81146","targetHints":{"allow":["GET"]}}],"collection":[{"href":"https:\/\/www.redenoticia.com.br\/noticia\/wp-json\/wp\/v2\/posts"}],"about":[{"href":"https:\/\/www.redenoticia.com.br\/noticia\/wp-json\/wp\/v2\/types\/post"}],"author":[{"embeddable":true,"href":"https:\/\/www.redenoticia.com.br\/noticia\/wp-json\/wp\/v2\/users\/2"}],"replies":[{"embeddable":true,"href":"https:\/\/www.redenoticia.com.br\/noticia\/wp-json\/wp\/v2\/comments?post=81146"}],"version-history":[{"count":0,"href":"https:\/\/www.redenoticia.com.br\/noticia\/wp-json\/wp\/v2\/posts\/81146\/revisions"}],"wp:featuredmedia":[{"embeddable":true,"href":"https:\/\/www.redenoticia.com.br\/noticia\/wp-json\/wp\/v2\/media\/40734"}],"wp:attachment":[{"href":"https:\/\/www.redenoticia.com.br\/noticia\/wp-json\/wp\/v2\/media?parent=81146"}],"wp:term":[{"taxonomy":"category","embeddable":true,"href":"https:\/\/www.redenoticia.com.br\/noticia\/wp-json\/wp\/v2\/categories?post=81146"},{"taxonomy":"post_tag","embeddable":true,"href":"https:\/\/www.redenoticia.com.br\/noticia\/wp-json\/wp\/v2\/tags?post=81146"}],"curies":[{"name":"wp","href":"https:\/\/api.w.org\/{rel}","templated":true}]}}