{"id":81144,"date":"2016-02-17T10:18:30","date_gmt":"2016-02-17T12:18:30","guid":{"rendered":"http:\/\/www.redenoticia.com.br\/noticia\/?p=81144"},"modified":"2016-02-16T19:19:34","modified_gmt":"2016-02-16T21:19:34","slug":"queda-das-vendas-do-varejo-e-a-maior-em-15-anos","status":"publish","type":"post","link":"https:\/\/www.redenoticia.com.br\/noticia\/2016\/queda-das-vendas-do-varejo-e-a-maior-em-15-anos\/81144","title":{"rendered":"Queda das vendas do varejo \u00e9 a maior em 15 anos"},"content":{"rendered":"<p> A queda de 4,3% no volume de <strong><em>vendas do com\u00e9rcio varejista<\/em><\/strong> em 2015 foi a maior desde o in\u00edcio da s\u00e9rie hist\u00f3rica, em 2001, da Pesquisa Mensal de Com\u00e9rcio (PMC), do Instituto Brasileiro de Geografia e Estat\u00edstica (IBGE). Essa tamb\u00e9m foi a primeira vez que um ano fechou em queda, desde 2003.<\/p>\n<p>\u201cO com\u00e9rcio varejista reflete o consumo das fam\u00edlias. Todos os fatores que inibem o consumo das fam\u00edlias t\u00eam um impacto direto no volume de vendas. \u00c9 uma combina\u00e7\u00e3o de enfraquecimento do mercado de trabalho, com a redu\u00e7\u00e3o da renda real, a confian\u00e7a do consumidor, a press\u00e3o inflacion\u00e1ria, que vem evoluindo principalmente no grupamento de alimentos e combust\u00edveis e a eleva\u00e7\u00e3o da taxa de juros, que inibe a compra de bens dur\u00e1veis\u201d, disse a pesquisadora do IBGE, Isabella Nunes.<\/p>\n<p>Os principais impactos para a queda de 4,3% vieram dos segmentos de m\u00f3veis e eletrodom\u00e9sticos (-14%), supermercados, alimentos, bebidas e fumo (-2,5%), tecidos, vestu\u00e1rios e cal\u00e7ados (-8,7%) e combust\u00edveis e lubrificantes (-6,2%).<\/p>\n<p>Entre os oito segmentos pesquisados, apenas um teve crescimento no volume de vendas: artigos farmac\u00eauticos, m\u00e9dicos, ortop\u00e9dicos e de perfumaria (3%). Considerando-se tamb\u00e9m os dois segmentos que misturam atacado e varejo (e comp\u00f5em o chamado varejo ampliado), a maior queda veio dos ve\u00edculos, motos, partes e pe\u00e7as: 17,8%. Os materiais de constru\u00e7\u00e3o tiveram recuo de 8,4%.<\/p>\n<p>Vitor Abdala \u2013 Rep\u00f3rter da Ag\u00eancia Brasil<br \/>\nEdi\u00e7\u00e3o: Kleber Sampaio<br \/>\n17\/02\/2016<\/p>\n","protected":false},"excerpt":{"rendered":"<p>A queda de 4,3% no volume de vendas do com\u00e9rcio varejista em 2015 foi a maior desde o in\u00edcio da s\u00e9rie hist\u00f3rica, em 2001, da Pesquisa Mensal de Com\u00e9rcio (PMC), do Instituto Brasileiro de Geografia e Estat\u00edstica (IBGE). Essa tamb\u00e9m foi a primeira vez que um ano fechou em queda, desde 2003. \u201cO com\u00e9rcio varejista [&hellip;]<\/p>\n","protected":false},"author":2,"featured_media":57583,"comment_status":"open","ping_status":"closed","sticky":false,"template":"","format":"standard","meta":{"_genesis_hide_title":false,"_genesis_hide_breadcrumbs":false,"_genesis_hide_singular_image":false,"_genesis_hide_footer_widgets":false,"_genesis_custom_body_class":"","_genesis_custom_post_class":"","_genesis_layout":"","_jetpack_memberships_contains_paid_content":false,"footnotes":""},"categories":[22,7],"tags":[],"class_list":{"0":"post-81144","1":"post","2":"type-post","3":"status-publish","4":"format-standard","5":"has-post-thumbnail","7":"category-brasil","8":"category-economia","9":"entry","10":"gs-1","11":"gs-odd","12":"gs-even","13":"gs-featured-content-entry"},"jetpack_featured_media_url":"https:\/\/www.redenoticia.com.br\/noticia\/imagens\/economia-grafico.jpg","jetpack_sharing_enabled":true,"jetpack_likes_enabled":true,"_links":{"self":[{"href":"https:\/\/www.redenoticia.com.br\/noticia\/wp-json\/wp\/v2\/posts\/81144","targetHints":{"allow":["GET"]}}],"collection":[{"href":"https:\/\/www.redenoticia.com.br\/noticia\/wp-json\/wp\/v2\/posts"}],"about":[{"href":"https:\/\/www.redenoticia.com.br\/noticia\/wp-json\/wp\/v2\/types\/post"}],"author":[{"embeddable":true,"href":"https:\/\/www.redenoticia.com.br\/noticia\/wp-json\/wp\/v2\/users\/2"}],"replies":[{"embeddable":true,"href":"https:\/\/www.redenoticia.com.br\/noticia\/wp-json\/wp\/v2\/comments?post=81144"}],"version-history":[{"count":0,"href":"https:\/\/www.redenoticia.com.br\/noticia\/wp-json\/wp\/v2\/posts\/81144\/revisions"}],"wp:featuredmedia":[{"embeddable":true,"href":"https:\/\/www.redenoticia.com.br\/noticia\/wp-json\/wp\/v2\/media\/57583"}],"wp:attachment":[{"href":"https:\/\/www.redenoticia.com.br\/noticia\/wp-json\/wp\/v2\/media?parent=81144"}],"wp:term":[{"taxonomy":"category","embeddable":true,"href":"https:\/\/www.redenoticia.com.br\/noticia\/wp-json\/wp\/v2\/categories?post=81144"},{"taxonomy":"post_tag","embeddable":true,"href":"https:\/\/www.redenoticia.com.br\/noticia\/wp-json\/wp\/v2\/tags?post=81144"}],"curies":[{"name":"wp","href":"https:\/\/api.w.org\/{rel}","templated":true}]}}