{"id":81142,"date":"2016-02-17T10:17:19","date_gmt":"2016-02-17T12:17:19","guid":{"rendered":"http:\/\/www.redenoticia.com.br\/noticia\/?p=81142"},"modified":"2016-02-16T19:18:23","modified_gmt":"2016-02-16T21:18:23","slug":"producao-de-motocicletas-cai-378-em-janeiro","status":"publish","type":"post","link":"https:\/\/www.redenoticia.com.br\/noticia\/2016\/producao-de-motocicletas-cai-378-em-janeiro\/81142","title":{"rendered":"Produ\u00e7\u00e3o de motocicletas cai 37,8% em janeiro"},"content":{"rendered":"<p> A <strong><em>produ\u00e7\u00e3o de motocicletas<\/em><\/strong> caiu 37,8% em janeiro em rela\u00e7\u00e3o ao mesmo m\u00eas do ano passado, informou a Associa\u00e7\u00e3o Brasileira dos Fabricantes de Motocicletas, Ciclomotores, Motonetas, Bicicletas e Similares (Abraciclo). Foram produzidas 75.959 motocicletas no m\u00eas passado.<\/p>\n<p>Na compara\u00e7\u00e3o com dezembro, quando foram produzidas 50.633 unidades, houve crescimento de 50%, pois as f\u00e1bricas estavam em f\u00e9rias parciais. No atacado, foram vendidas 58.801 motocicletas em janeiro, o que representa retra\u00e7\u00e3o de 43,6% frente ao primeiro m\u00eas de 2015. Em rela\u00e7\u00e3o a dezembro, houve queda de 15,1%.<\/p>\n<p>As vendas externas registraram expans\u00e3o de 53,4% em rela\u00e7\u00e3o a janeiro de 2015, chegando a 3.336 unidades. No comparativo com dezembro do ano passado, houve queda de 43,9%, com venda de 5.944 motocicletas para o exterior.<\/p>\n<p>Fernanda Cruz \u2013 Rep\u00f3rter da Ag\u00eancia Brasil<br \/>\nEdi\u00e7\u00e3o: N\u00e1dia Franco<br \/>\n17\/02\/2016<br \/>\n&#8212;<br \/>\nA Empresa Brasil de Comunica\u00e7\u00e3o \u00e9 uma institui\u00e7\u00e3o da democracia brasileira: p\u00fablica, inclusiva e cidad\u00e3. Criada em 2007 para fortalecer o sistema p\u00fablico de comunica\u00e7\u00e3o, \u00e9 gestora dos canais TV Brasil, TV Brasil Internacional, Ag\u00eancia Brasil, Radioag\u00eancia Nacional e do sistema p\u00fablico de R\u00e1dio \u2013 composto por oito emissoras. Estes, por sua independ\u00eancia editorial, distinguem-se dos canais estatais ou governamentais, com conte\u00fados diferenciados e complementares aos canais privados. Os ve\u00edculos da EBC t\u00eam autonomia para definir produ\u00e7\u00e3o, programa\u00e7\u00e3o e distribui\u00e7\u00e3o de conte\u00fados.<\/p>\n","protected":false},"excerpt":{"rendered":"<p>A produ\u00e7\u00e3o de motocicletas caiu 37,8% em janeiro em rela\u00e7\u00e3o ao mesmo m\u00eas do ano passado, informou a Associa\u00e7\u00e3o Brasileira dos Fabricantes de Motocicletas, Ciclomotores, Motonetas, Bicicletas e Similares (Abraciclo). Foram produzidas 75.959 motocicletas no m\u00eas passado. Na compara\u00e7\u00e3o com dezembro, quando foram produzidas 50.633 unidades, houve crescimento de 50%, pois as f\u00e1bricas estavam em [&hellip;]<\/p>\n","protected":false},"author":2,"featured_media":57585,"comment_status":"open","ping_status":"closed","sticky":false,"template":"","format":"standard","meta":{"_genesis_hide_title":false,"_genesis_hide_breadcrumbs":false,"_genesis_hide_singular_image":false,"_genesis_hide_footer_widgets":false,"_genesis_custom_body_class":"","_genesis_custom_post_class":"","_genesis_layout":"","_jetpack_memberships_contains_paid_content":false,"footnotes":""},"categories":[22,7],"tags":[],"class_list":{"0":"post-81142","1":"post","2":"type-post","3":"status-publish","4":"format-standard","5":"has-post-thumbnail","7":"category-brasil","8":"category-economia","9":"entry","10":"gs-1","11":"gs-odd","12":"gs-even","13":"gs-featured-content-entry"},"jetpack_featured_media_url":"https:\/\/www.redenoticia.com.br\/noticia\/imagens\/analise-economia.jpg","jetpack_sharing_enabled":true,"jetpack_likes_enabled":true,"_links":{"self":[{"href":"https:\/\/www.redenoticia.com.br\/noticia\/wp-json\/wp\/v2\/posts\/81142","targetHints":{"allow":["GET"]}}],"collection":[{"href":"https:\/\/www.redenoticia.com.br\/noticia\/wp-json\/wp\/v2\/posts"}],"about":[{"href":"https:\/\/www.redenoticia.com.br\/noticia\/wp-json\/wp\/v2\/types\/post"}],"author":[{"embeddable":true,"href":"https:\/\/www.redenoticia.com.br\/noticia\/wp-json\/wp\/v2\/users\/2"}],"replies":[{"embeddable":true,"href":"https:\/\/www.redenoticia.com.br\/noticia\/wp-json\/wp\/v2\/comments?post=81142"}],"version-history":[{"count":0,"href":"https:\/\/www.redenoticia.com.br\/noticia\/wp-json\/wp\/v2\/posts\/81142\/revisions"}],"wp:featuredmedia":[{"embeddable":true,"href":"https:\/\/www.redenoticia.com.br\/noticia\/wp-json\/wp\/v2\/media\/57585"}],"wp:attachment":[{"href":"https:\/\/www.redenoticia.com.br\/noticia\/wp-json\/wp\/v2\/media?parent=81142"}],"wp:term":[{"taxonomy":"category","embeddable":true,"href":"https:\/\/www.redenoticia.com.br\/noticia\/wp-json\/wp\/v2\/categories?post=81142"},{"taxonomy":"post_tag","embeddable":true,"href":"https:\/\/www.redenoticia.com.br\/noticia\/wp-json\/wp\/v2\/tags?post=81142"}],"curies":[{"name":"wp","href":"https:\/\/api.w.org\/{rel}","templated":true}]}}