{"id":81093,"date":"2016-02-16T10:43:13","date_gmt":"2016-02-16T12:43:13","guid":{"rendered":"http:\/\/www.redenoticia.com.br\/noticia\/?p=81093"},"modified":"2016-02-15T15:46:57","modified_gmt":"2016-02-15T17:46:57","slug":"com-crise-economica-pais-mudam-filhos-de-escolas-privadas-para-publicas","status":"publish","type":"post","link":"https:\/\/www.redenoticia.com.br\/noticia\/2016\/com-crise-economica-pais-mudam-filhos-de-escolas-privadas-para-publicas\/81093","title":{"rendered":"Com crise econ\u00f4mica, pais mudam filhos de escolas privadas para p\u00fablicas"},"content":{"rendered":"<p> Com a crise econ\u00f4mica, muitas fam\u00edlias tiveram que cortar gastos e alguns pais transferiram filhos da rede de ensino particular para a rede p\u00fablica. A diretora da Federa\u00e7\u00e3o Nacional das Escolas Particulares (Fenep), Am\u00e1bile Pacios, diz que as <strong><em>escolas particulares<\/em><\/strong> perderam entre 10% e 12% das matr\u00edculas em 2016, por causa, principalmente, da crise financeira.<\/p>\n<p>Segundo Am\u00e1bile, a Fenep identificou a sa\u00edda de estudantes de escolas privadas, principalmente de fam\u00edlias das classes C e D \u2013 parcela da popula\u00e7\u00e3o que teve ganho de poder aquisitivo antes da crise e agora sente mais os efeitos da desacelera\u00e7\u00e3o econ\u00f4mica.<\/p>\n<p>\u201cTeve migra\u00e7\u00e3o maior de escolas que atendem as classes C e D, que cresceram mais nos \u00faltimos cinco anos com aquela ilus\u00e3o do grande boom do crescimento. Essas classes tinham o sonho de colocar os filhos na escola particular e, com os cortes que fizeram no or\u00e7amento, a escola n\u00e3o coube mais\u201d, disse Am\u00e1bile. Segundo ela, nas escolas que atendem predominantemente as classes A e B, houve aumento de 3% a 4% nas matr\u00edculas.<\/p>\n<p>No Distrito Federal, este ano, a rede p\u00fablica recebeu 10 mil solicita\u00e7\u00f5es de matr\u00edculas a mais que em 2015. O subsecret\u00e1rio de Planejamento, Acompanhamento e Avalia\u00e7\u00e3o Educacional da Secretaria de Educa\u00e7\u00e3o local, F\u00e1bio Pereira, disse que o principal motivo do aumento da demanda deve ser mesmo a migra\u00e7\u00e3o de estudantes da rede privada para a p\u00fablica, por causa da crise e do encarecimento das mensalidades escolares.<\/p>\n<p>\u201cA Secretaria de Educa\u00e7\u00e3o recebe em m\u00e9dia 30,32 mil solicita\u00e7\u00f5es de novas matr\u00edcula a cada ano, e neste foram cerca de 42 mil. Isso, certamente, reflete a transfer\u00eancia desses alunos da rede particular para a [rede] p\u00fablica, e tamb\u00e9m a chegada de novas crian\u00e7as ao Distrito Federal\u201d, disse ele.<\/p>\n<p>Retorno<\/p>\n<p>De acordo com F\u00e1bio Pereira, al\u00e9m da crise h\u00e1 tamb\u00e9m um movimento de retorno da classe m\u00e9dia para a escola p\u00fablica, motivado por incentivos como a reserva de vagas em universidades para estudantes vindos das rede p\u00fablica.<\/p>\n<p>Segundo ele, a rede p\u00fablica do Distrito Federal se preparou para receber mais estudantes. \u201cIsso j\u00e1 era esperado. Ent\u00e3o, ao longo de 2015 buscamos reorganizar a rede, ampliamos escolas, fizemos reformas e locamos novos espa\u00e7os justamente para atender essa demanda\u201d, acrescentou.<\/p>\n<p>O diretor executivo da Associa\u00e7\u00e3o Lecionar Unificada de Bras\u00edlia (Alub), Alexandre Crispi, diz que neste ano observou intenso movimento de migra\u00e7\u00e3o de estudantes entre escolas privadas, saindo daquelas com mensalidades mais caras para as de pre\u00e7o mais baixo. Ele conta que as matr\u00edculas nas unidades da rede Alub, que tem foco na classe C, cresceram 14% este ano, em compara\u00e7\u00e3o com o ano passado.<\/p>\n<p>Segundo Crispi, muitos pais fazem cortes e remanejam gastos para manter os filhos na escola particular. Al\u00e9m de mudar os filhos de escola, em fun\u00e7\u00e3o do pre\u00e7o, ele diz que as fam\u00edlias t\u00eam recorrido ao corte de transporte escolar, de cursos de l\u00ednguas e aulas de esportes.<\/p>\n<p>\u201cSe os pais precisarem mudar os estudantes de escola, que escolham uma que tenha perfil pedag\u00f3gico mais pr\u00f3ximo\u201d, recomenda Crispi.<\/p>\n<p>Menos despesas<\/p>\n<p>Frederico de Carvalho, que trabalha na \u00e1rea de marketing esportivo e cultural, viu a crise avan\u00e7ar e recorreu a duas alternativas para reduzir os gastos com os estudos dos filhos este ano: transferiu o filho de 17 anos da escola particular para a p\u00fablica e a filha de 4 anos continuou na rede particular, mas agora em uma escola com valor da mensalidade menor.<\/p>\n<p>Para o filho, Carvalho procurou uma escola p\u00fablica que teve bons resultados na aprova\u00e7\u00e3o de estudantes na Universidade de Bras\u00edlia. Ele conta que o rapaz gostou da mudan\u00e7a. \u201cEle est\u00e1 satisfeito porque sabe que quem faz a escola \u00e9 o aluno, e o terceiro ano l\u00e1 \u00e9 bem puxado para quem est\u00e1 querendo realmente estudar\u201d, disse. O produtor diz que, com a economia do remanejamento das escolas, ser\u00e1 poss\u00edvel usar parte do dinheiro da mensalidade para abrir uma poupan\u00e7a para o filho mais velho.<\/p>\n<p>O presidente da Associa\u00e7\u00e3o de Pais e Alunos das Institui\u00e7\u00f5es de Ensino do DF, Lu\u00eds Claudio Megiorin, relata que tamb\u00e9m observou a migra\u00e7\u00e3o de estudantes da Classe C, da rede particular para a p\u00fablica, e entre unidades da rede privada. \u201cVemos que, com essa crise econ\u00f4mica, muitos pais n\u00e3o tiveram mais como bancar a escola privada, e acredito que s\u00e3o os pais da Classe C para baixo, a nova classe m\u00e9dia\u201d, salientou.<\/p>\n<p>Para ele, os pais devem ficar atentos \u00e0 qualidade da educa\u00e7\u00e3o dos dois lados, pois as escolas p\u00fablicas recebem mais alunos, e isso gera mais desgaste para os professores e aumento no n\u00famero de estudantes por turma. Por outro lado, a escola privada, ao cortar custos, pode comprometer a qualidade do ensino.<\/p>\n<p>Yara Aquino &#8211; Rep\u00f3rter da Ag\u00eancia Brasil<br \/>\nEdi\u00e7\u00e3o: St\u00eanio Ribeiro<br \/>\n16\/02\/2016<\/p>\n","protected":false},"excerpt":{"rendered":"<p>Com a crise econ\u00f4mica, muitas fam\u00edlias tiveram que cortar gastos e alguns pais transferiram filhos da rede de ensino particular para a rede p\u00fablica. A diretora da Federa\u00e7\u00e3o Nacional das Escolas Particulares (Fenep), Am\u00e1bile Pacios, diz que as escolas particulares perderam entre 10% e 12% das matr\u00edculas em 2016, por causa, principalmente, da crise financeira. [&hellip;]<\/p>\n","protected":false},"author":2,"featured_media":36262,"comment_status":"open","ping_status":"closed","sticky":false,"template":"","format":"standard","meta":{"_genesis_hide_title":false,"_genesis_hide_breadcrumbs":false,"_genesis_hide_singular_image":false,"_genesis_hide_footer_widgets":false,"_genesis_custom_body_class":"","_genesis_custom_post_class":"","_genesis_layout":"","_jetpack_memberships_contains_paid_content":false,"footnotes":""},"categories":[22,7],"tags":[],"class_list":{"0":"post-81093","1":"post","2":"type-post","3":"status-publish","4":"format-standard","5":"has-post-thumbnail","7":"category-brasil","8":"category-economia","9":"entry","10":"gs-1","11":"gs-odd","12":"gs-even","13":"gs-featured-content-entry"},"jetpack_featured_media_url":"https:\/\/www.redenoticia.com.br\/noticia\/imagens\/aluno-a.jpg","jetpack_sharing_enabled":true,"jetpack_likes_enabled":true,"_links":{"self":[{"href":"https:\/\/www.redenoticia.com.br\/noticia\/wp-json\/wp\/v2\/posts\/81093","targetHints":{"allow":["GET"]}}],"collection":[{"href":"https:\/\/www.redenoticia.com.br\/noticia\/wp-json\/wp\/v2\/posts"}],"about":[{"href":"https:\/\/www.redenoticia.com.br\/noticia\/wp-json\/wp\/v2\/types\/post"}],"author":[{"embeddable":true,"href":"https:\/\/www.redenoticia.com.br\/noticia\/wp-json\/wp\/v2\/users\/2"}],"replies":[{"embeddable":true,"href":"https:\/\/www.redenoticia.com.br\/noticia\/wp-json\/wp\/v2\/comments?post=81093"}],"version-history":[{"count":0,"href":"https:\/\/www.redenoticia.com.br\/noticia\/wp-json\/wp\/v2\/posts\/81093\/revisions"}],"wp:featuredmedia":[{"embeddable":true,"href":"https:\/\/www.redenoticia.com.br\/noticia\/wp-json\/wp\/v2\/media\/36262"}],"wp:attachment":[{"href":"https:\/\/www.redenoticia.com.br\/noticia\/wp-json\/wp\/v2\/media?parent=81093"}],"wp:term":[{"taxonomy":"category","embeddable":true,"href":"https:\/\/www.redenoticia.com.br\/noticia\/wp-json\/wp\/v2\/categories?post=81093"},{"taxonomy":"post_tag","embeddable":true,"href":"https:\/\/www.redenoticia.com.br\/noticia\/wp-json\/wp\/v2\/tags?post=81093"}],"curies":[{"name":"wp","href":"https:\/\/api.w.org\/{rel}","templated":true}]}}