{"id":81089,"date":"2016-02-16T10:40:17","date_gmt":"2016-02-16T12:40:17","guid":{"rendered":"http:\/\/www.redenoticia.com.br\/noticia\/?p=81089"},"modified":"2016-02-15T15:41:47","modified_gmt":"2016-02-15T17:41:47","slug":"viaduto-santo-amaro-deve-permanecer-fechado-por-seis-meses","status":"publish","type":"post","link":"https:\/\/www.redenoticia.com.br\/noticia\/2016\/viaduto-santo-amaro-deve-permanecer-fechado-por-seis-meses\/81089","title":{"rendered":"Viaduto Santo Amaro deve permanecer fechado por seis meses"},"content":{"rendered":"<p> Desde a madrugada do \u00faltimo s\u00e1bado (13), o <strong><em>Viaduto Santo Amaro<\/em><\/strong>, importante via de escoamento do tr\u00e2nsito na zona sul da cidade de S\u00e3o Paulo, est\u00e1 fechado ao tr\u00e1fego de ve\u00edculos e deve permanecer bloqueado por pelo menos 180 dias. A informa\u00e7\u00e3o foi dada \u00e0 Ag\u00eancia Brasil pela Secretaria de Infraestrutura Urbana da prefeitura de S\u00e3o Paulo. Uma equipe t\u00e9cnica ainda est\u00e1 avaliando se a constru\u00e7\u00e3o poder\u00e1 ser recuperada ou ter\u00e1 de ser demolida.<\/p>\n<p>A estrutura desse viaduto foi danificada em consequ\u00eancia de um acidente ocorrido na Avenida dos Bandeirantes, no trecho que fica embaixo do viaduto. Dois caminh\u00f5es bateram e um deles que transportava combust\u00edvel pegou fogo. Com o forte calor, houve abalo na estrutura. Foram liberadas as faixas no sentido Imigrantes\/Marginal e no lado oposto.<\/p>\n<p>Vinte e cinco linhas de \u00f4nibus tiveram de ser desviadas para vias marginais e o tr\u00e2nsito na regi\u00e3o ficou mais lento, segundo a Companhia de Engenharia de Tr\u00e1fego (CET).<\/p>\n<p>Marli Moreira &#8211; Rep\u00f3rter da Ag\u00eancia Brasil<br \/>\nEdi\u00e7\u00e3o: Gra\u00e7a Adjuto<br \/>\n16\/02\/2016<\/p>\n","protected":false},"excerpt":{"rendered":"<p>Desde a madrugada do \u00faltimo s\u00e1bado (13), o Viaduto Santo Amaro, importante via de escoamento do tr\u00e2nsito na zona sul da cidade de S\u00e3o Paulo, est\u00e1 fechado ao tr\u00e1fego de ve\u00edculos e deve permanecer bloqueado por pelo menos 180 dias. A informa\u00e7\u00e3o foi dada \u00e0 Ag\u00eancia Brasil pela Secretaria de Infraestrutura Urbana da prefeitura de [&hellip;]<\/p>\n","protected":false},"author":2,"featured_media":28951,"comment_status":"open","ping_status":"closed","sticky":false,"template":"","format":"standard","meta":{"_genesis_hide_title":false,"_genesis_hide_breadcrumbs":false,"_genesis_hide_singular_image":false,"_genesis_hide_footer_widgets":false,"_genesis_custom_body_class":"","_genesis_custom_post_class":"","_genesis_layout":"","_jetpack_memberships_contains_paid_content":false,"footnotes":""},"categories":[22],"tags":[],"class_list":{"0":"post-81089","1":"post","2":"type-post","3":"status-publish","4":"format-standard","5":"has-post-thumbnail","7":"category-brasil","8":"entry","9":"gs-1","10":"gs-odd","11":"gs-even","12":"gs-featured-content-entry"},"jetpack_featured_media_url":"https:\/\/www.redenoticia.com.br\/noticia\/imagens\/concurso-inscricao-vagas-ate.jpg","jetpack_sharing_enabled":true,"jetpack_likes_enabled":true,"_links":{"self":[{"href":"https:\/\/www.redenoticia.com.br\/noticia\/wp-json\/wp\/v2\/posts\/81089","targetHints":{"allow":["GET"]}}],"collection":[{"href":"https:\/\/www.redenoticia.com.br\/noticia\/wp-json\/wp\/v2\/posts"}],"about":[{"href":"https:\/\/www.redenoticia.com.br\/noticia\/wp-json\/wp\/v2\/types\/post"}],"author":[{"embeddable":true,"href":"https:\/\/www.redenoticia.com.br\/noticia\/wp-json\/wp\/v2\/users\/2"}],"replies":[{"embeddable":true,"href":"https:\/\/www.redenoticia.com.br\/noticia\/wp-json\/wp\/v2\/comments?post=81089"}],"version-history":[{"count":0,"href":"https:\/\/www.redenoticia.com.br\/noticia\/wp-json\/wp\/v2\/posts\/81089\/revisions"}],"wp:featuredmedia":[{"embeddable":true,"href":"https:\/\/www.redenoticia.com.br\/noticia\/wp-json\/wp\/v2\/media\/28951"}],"wp:attachment":[{"href":"https:\/\/www.redenoticia.com.br\/noticia\/wp-json\/wp\/v2\/media?parent=81089"}],"wp:term":[{"taxonomy":"category","embeddable":true,"href":"https:\/\/www.redenoticia.com.br\/noticia\/wp-json\/wp\/v2\/categories?post=81089"},{"taxonomy":"post_tag","embeddable":true,"href":"https:\/\/www.redenoticia.com.br\/noticia\/wp-json\/wp\/v2\/tags?post=81089"}],"curies":[{"name":"wp","href":"https:\/\/api.w.org\/{rel}","templated":true}]}}