{"id":81020,"date":"2016-02-15T10:17:19","date_gmt":"2016-02-15T12:17:19","guid":{"rendered":"http:\/\/www.redenoticia.com.br\/noticia\/?p=81020"},"modified":"2016-02-14T20:19:22","modified_gmt":"2016-02-14T22:19:22","slug":"vendas-de-materiais-de-construcao-caem-205-em-janeiro","status":"publish","type":"post","link":"https:\/\/www.redenoticia.com.br\/noticia\/2016\/vendas-de-materiais-de-construcao-caem-205-em-janeiro\/81020","title":{"rendered":"Vendas de materiais de constru\u00e7\u00e3o caem 20,5% em janeiro"},"content":{"rendered":"<p> As vendas de <strong><em>materiais de constru\u00e7\u00e3o<\/em><\/strong> ca\u00edram 20,5%, em janeiro, comparadas ao mesmo per\u00edodo do ano passado. Essa foi a 24\u00aa queda consecutiva na compara\u00e7\u00e3o anual. No entanto, na compara\u00e7\u00e3o com o m\u00eas anterior \u2013 dezembro de 2015 \u2013 o setor obteve alta de 5% no faturamento. J\u00e1 no acumulado dos \u00faltimos 12 meses, houve recuo de 13,9%. Os dados s\u00e3o da Associa\u00e7\u00e3o Brasileira da Ind\u00fastria de Materiais de Constru\u00e7\u00e3o (Abramat).<\/p>\n<p>Na compara\u00e7\u00e3o com janeiro de 2015, foram verificadas quedas tanto no faturamento dos materiais de base (-19,9%) quanto nos itens de acabamento (-21,4%). Sobre dezembro \u00faltimo, por\u00e9m, as vendas de materiais de base aumentaram 2,9%, e no caso dos itens de acabamento houve alta de 8,5%. Nos \u00faltimos 12 meses, os materiais de base apresentaram recuo de 12,5% e os de acabamento queda de 16,2%.<\/p>\n<p>Expectativa<\/p>\n<p>Para esse primeiro trimestre, o setor prev\u00ea redu\u00e7\u00e3o nas vendas de 4,5%. Nesse c\u00e1lculo foi considerado o fato de que as fam\u00edlias sempre t\u00eam o or\u00e7amento mais apertado no in\u00edcio do ano por causa do pagamento de impostos \u2013 Imposto Predial e Territorial Urbano (IPTU) e Imposto Sobre a Propriedade dos Ve\u00edculos automotores (IPVA) \u2013 e da compra de materiais escolares.<\/p>\n<p>A previs\u00e3o tamb\u00e9m considerou o fato de as chuvas mais intensas terem prejudicado o andamento das obras e incluiu ainda a possibilidade de um impacto negativo pelo temor do desemprego e pela falta de confian\u00e7a dos empres\u00e1rios.<\/p>\n<p>Em nota, o presidente da Abramat, Walter Cover, avaliou que o setor foi afetado pelas \u201ccondi\u00e7\u00f5es adversas que predominam desde o segundo semestre de 2015 e permanecem tanto no segmento do varejo, quanto no das construtoras\u201d.<\/p>\n<p>A expectativa do executivo \u00e9 de que haja um reaquecimento das atividades a partir de abril ou maio. Essa rea\u00e7\u00e3o, por\u00e9m, s\u00f3 vai ocorrer, acredita o dirigente, se houver novas libera\u00e7\u00f5es de cr\u00e9dito para as ind\u00fastrias de materiais de constru\u00e7\u00e3o e tamb\u00e9m se for retomada a terceira fase do programa Minha Casa Minha Vida. Cover disse ainda que o setor pode reagir bem se houver mais investimentos em obras de infraestrutura.<\/p>\n<p>De acordo com o balan\u00e7o de desempenho da entidade, o n\u00edvel de emprego no setor apresentou redu\u00e7\u00e3o de 8,9%, em janeiro \u00faltimo sobre o mesmo m\u00eas de 2015. J\u00e1 na compara\u00e7\u00e3o com dezembro \u00faltimo, houve queda de 0,3% e, nos \u00faltimos 12 meses, diminui\u00e7\u00e3o de 8,9%.<\/p>\n<p>Marli Moreira \u2013 Rep\u00f3rter da Ag\u00eancia Brasil<br \/>\nEdi\u00e7\u00e3o: Denise Griesinger<br \/>\n15\/02\/2016<\/p>\n","protected":false},"excerpt":{"rendered":"<p>As vendas de materiais de constru\u00e7\u00e3o ca\u00edram 20,5%, em janeiro, comparadas ao mesmo per\u00edodo do ano passado. Essa foi a 24\u00aa queda consecutiva na compara\u00e7\u00e3o anual. No entanto, na compara\u00e7\u00e3o com o m\u00eas anterior \u2013 dezembro de 2015 \u2013 o setor obteve alta de 5% no faturamento. J\u00e1 no acumulado dos \u00faltimos 12 meses, houve [&hellip;]<\/p>\n","protected":false},"author":2,"featured_media":57585,"comment_status":"open","ping_status":"closed","sticky":false,"template":"","format":"standard","meta":{"_genesis_hide_title":false,"_genesis_hide_breadcrumbs":false,"_genesis_hide_singular_image":false,"_genesis_hide_footer_widgets":false,"_genesis_custom_body_class":"","_genesis_custom_post_class":"","_genesis_layout":"","_jetpack_memberships_contains_paid_content":false,"footnotes":""},"categories":[22,7],"tags":[],"class_list":{"0":"post-81020","1":"post","2":"type-post","3":"status-publish","4":"format-standard","5":"has-post-thumbnail","7":"category-brasil","8":"category-economia","9":"entry","10":"gs-1","11":"gs-odd","12":"gs-even","13":"gs-featured-content-entry"},"jetpack_featured_media_url":"https:\/\/www.redenoticia.com.br\/noticia\/imagens\/analise-economia.jpg","jetpack_sharing_enabled":true,"jetpack_likes_enabled":true,"_links":{"self":[{"href":"https:\/\/www.redenoticia.com.br\/noticia\/wp-json\/wp\/v2\/posts\/81020","targetHints":{"allow":["GET"]}}],"collection":[{"href":"https:\/\/www.redenoticia.com.br\/noticia\/wp-json\/wp\/v2\/posts"}],"about":[{"href":"https:\/\/www.redenoticia.com.br\/noticia\/wp-json\/wp\/v2\/types\/post"}],"author":[{"embeddable":true,"href":"https:\/\/www.redenoticia.com.br\/noticia\/wp-json\/wp\/v2\/users\/2"}],"replies":[{"embeddable":true,"href":"https:\/\/www.redenoticia.com.br\/noticia\/wp-json\/wp\/v2\/comments?post=81020"}],"version-history":[{"count":0,"href":"https:\/\/www.redenoticia.com.br\/noticia\/wp-json\/wp\/v2\/posts\/81020\/revisions"}],"wp:featuredmedia":[{"embeddable":true,"href":"https:\/\/www.redenoticia.com.br\/noticia\/wp-json\/wp\/v2\/media\/57585"}],"wp:attachment":[{"href":"https:\/\/www.redenoticia.com.br\/noticia\/wp-json\/wp\/v2\/media?parent=81020"}],"wp:term":[{"taxonomy":"category","embeddable":true,"href":"https:\/\/www.redenoticia.com.br\/noticia\/wp-json\/wp\/v2\/categories?post=81020"},{"taxonomy":"post_tag","embeddable":true,"href":"https:\/\/www.redenoticia.com.br\/noticia\/wp-json\/wp\/v2\/tags?post=81020"}],"curies":[{"name":"wp","href":"https:\/\/api.w.org\/{rel}","templated":true}]}}