{"id":81018,"date":"2016-02-15T10:14:52","date_gmt":"2016-02-15T12:14:52","guid":{"rendered":"http:\/\/www.redenoticia.com.br\/noticia\/?p=81018"},"modified":"2016-02-14T20:16:53","modified_gmt":"2016-02-14T22:16:53","slug":"igp-m-acumula-taxa-de-1201-em-12-meses-mostra-fgv","status":"publish","type":"post","link":"https:\/\/www.redenoticia.com.br\/noticia\/2016\/igp-m-acumula-taxa-de-1201-em-12-meses-mostra-fgv\/81018","title":{"rendered":"IGP-M acumula taxa de 12,01% em 12 meses, mostra FGV"},"content":{"rendered":"<p> A primeira pr\u00e9via de fevereiro do \u00cdndice Geral de Pre\u00e7os &#8211; Mercado (IGP-M), usado no reajuste dos contratos de aluguel, registrou <strong><em>infla\u00e7\u00e3o<\/em><\/strong> de 1,23%. Com a pr\u00e9via, em 12 meses, o IGP-M acumula taxa de infla\u00e7\u00e3o de 12,01%, de acordo com dados divulgados pela Funda\u00e7\u00e3o Getulio Vargas (FGV).<\/p>\n<p>O aumento de pre\u00e7os no per\u00edodo de um m\u00eas, de acordo com a primeira pr\u00e9via de fevereiro, foi superior ao registrado na primeira pr\u00e9via de janeiro. O avan\u00e7o da taxa foi provocado pelos pre\u00e7os no atacado, no varejo e pelo custo da constru\u00e7\u00e3o.<\/p>\n<p>O \u00cdndice de Pre\u00e7os ao Produtor Amplo, que mede o atacado, subiu de 0,35% na primeira pr\u00e9via de janeiro para 1,44% na primeira pr\u00e9via de fevereiro. O \u00cdndice de Pre\u00e7os ao Consumidor, que avalia o varejo, cresceu de 0,73% para 1,07%.<\/p>\n<p>J\u00e1 o \u00cdndice Nacional do Custo da Constru\u00e7\u00e3o passou de 0,05% para 0,31% no per\u00edodo. A primeira pr\u00e9via de fevereiro do IGP-M foi calculada com base em pre\u00e7os coletados entre os dias 21 e 31 de janeiro.<\/p>\n<p>Vitor Abdala \u2013 Rep\u00f3rter da Ag\u00eancia Brasil<br \/>\nEdi\u00e7\u00e3o: Talita Cavalcante<br \/>\n15\/02\/2016<\/p>\n","protected":false},"excerpt":{"rendered":"<p>A primeira pr\u00e9via de fevereiro do \u00cdndice Geral de Pre\u00e7os &#8211; Mercado (IGP-M), usado no reajuste dos contratos de aluguel, registrou infla\u00e7\u00e3o de 1,23%. Com a pr\u00e9via, em 12 meses, o IGP-M acumula taxa de infla\u00e7\u00e3o de 12,01%, de acordo com dados divulgados pela Funda\u00e7\u00e3o Getulio Vargas (FGV). O aumento de pre\u00e7os no per\u00edodo de [&hellip;]<\/p>\n","protected":false},"author":2,"featured_media":57584,"comment_status":"open","ping_status":"closed","sticky":false,"template":"","format":"standard","meta":{"_genesis_hide_title":false,"_genesis_hide_breadcrumbs":false,"_genesis_hide_singular_image":false,"_genesis_hide_footer_widgets":false,"_genesis_custom_body_class":"","_genesis_custom_post_class":"","_genesis_layout":"","_jetpack_memberships_contains_paid_content":false,"footnotes":""},"categories":[22,7],"tags":[],"class_list":{"0":"post-81018","1":"post","2":"type-post","3":"status-publish","4":"format-standard","5":"has-post-thumbnail","7":"category-brasil","8":"category-economia","9":"entry","10":"gs-1","11":"gs-odd","12":"gs-even","13":"gs-featured-content-entry"},"jetpack_featured_media_url":"https:\/\/www.redenoticia.com.br\/noticia\/imagens\/economia-grafica-analise-inflacao.jpg","jetpack_sharing_enabled":true,"jetpack_likes_enabled":true,"_links":{"self":[{"href":"https:\/\/www.redenoticia.com.br\/noticia\/wp-json\/wp\/v2\/posts\/81018","targetHints":{"allow":["GET"]}}],"collection":[{"href":"https:\/\/www.redenoticia.com.br\/noticia\/wp-json\/wp\/v2\/posts"}],"about":[{"href":"https:\/\/www.redenoticia.com.br\/noticia\/wp-json\/wp\/v2\/types\/post"}],"author":[{"embeddable":true,"href":"https:\/\/www.redenoticia.com.br\/noticia\/wp-json\/wp\/v2\/users\/2"}],"replies":[{"embeddable":true,"href":"https:\/\/www.redenoticia.com.br\/noticia\/wp-json\/wp\/v2\/comments?post=81018"}],"version-history":[{"count":0,"href":"https:\/\/www.redenoticia.com.br\/noticia\/wp-json\/wp\/v2\/posts\/81018\/revisions"}],"wp:featuredmedia":[{"embeddable":true,"href":"https:\/\/www.redenoticia.com.br\/noticia\/wp-json\/wp\/v2\/media\/57584"}],"wp:attachment":[{"href":"https:\/\/www.redenoticia.com.br\/noticia\/wp-json\/wp\/v2\/media?parent=81018"}],"wp:term":[{"taxonomy":"category","embeddable":true,"href":"https:\/\/www.redenoticia.com.br\/noticia\/wp-json\/wp\/v2\/categories?post=81018"},{"taxonomy":"post_tag","embeddable":true,"href":"https:\/\/www.redenoticia.com.br\/noticia\/wp-json\/wp\/v2\/tags?post=81018"}],"curies":[{"name":"wp","href":"https:\/\/api.w.org\/{rel}","templated":true}]}}