{"id":80925,"date":"2016-02-12T10:10:50","date_gmt":"2016-02-12T12:10:50","guid":{"rendered":"http:\/\/www.redenoticia.com.br\/noticia\/?p=80925"},"modified":"2016-02-11T18:12:09","modified_gmt":"2016-02-11T20:12:09","slug":"ipc-s-tem-alta-de-18-na-primeira-previa-de-fevereiro","status":"publish","type":"post","link":"https:\/\/www.redenoticia.com.br\/noticia\/2016\/ipc-s-tem-alta-de-18-na-primeira-previa-de-fevereiro\/80925","title":{"rendered":"IPC-S tem alta de 1,8% na primeira pr\u00e9via de fevereiro"},"content":{"rendered":"<p> O \u00cdndice de Pre\u00e7os ao Consumidor Semanal (<strong><em>IPC-S<\/em><\/strong>) apresentou alta de 1,8% na primeira pr\u00e9via de fevereiro, indicando aumento no ritmo de eleva\u00e7\u00e3o em rela\u00e7\u00e3o ao fechamento de janeiro, quando a varia\u00e7\u00e3o atingiu 1,78%.<\/p>\n<p> A apura\u00e7\u00e3o feita pelo Instituto Brasileiro de Economia (Ibre) da Funda\u00e7\u00e3o Getulio Vargas (FGV) mostra que quatro dos oito grupos pesquisados tiveram acr\u00e9scimos, com destaque para o de alimenta\u00e7\u00e3o que passou de 2,25% para 2,45%. Entre os itens que mais subiram de pre\u00e7os est\u00e3o os produtos derivados do leite, com aumento m\u00e9dio de 0,36% ante 0,16%.<\/p>\n<p>Em transportes, a taxa aumentou de 2,08% para 2,25% sob influ\u00eancia do reajuste na tarifa de t\u00e1xi (de -2,02% para 0,16%). No grupo sa\u00fade e cuidados pessoais, o \u00edndice apresentou eleva\u00e7\u00e3o de 0,65%, acima da varia\u00e7\u00e3o passada (0,59%) , puxado pelos artigos de higiene e cuidado pessoal (de -0,16% para 0,08%). Em vestu\u00e1rio, o IPC-S passou de 0,19% para 0,40%. Nesse caso, o reflexo da alta foram as roupas (de 0,11% para 0,30%).<\/p>\n<p>Nos demais grupos ocorreram decr\u00e9scimos: educa\u00e7\u00e3o, leitura e recrea\u00e7\u00e3o (de 5,08% para 4,23%); habita\u00e7\u00e3o (de 1,21% para 1,11%); despesas diversas (de 1,64% para 1,60%); e comunica\u00e7\u00e3o (de 0,72% para 0,69%).<\/p>\n<p>Os itens que mais contribu\u00edram para a alta do IPC-S foram: tomate (25,03%); curso de ensino superior (6,39%); curso de ensino fundamental (8,75%); tarifa de eletricidade residencial (1,71%). Os que mais ajudaram a conter o avan\u00e7o foram: perfume (-1,05%); autom\u00f3vel usado (-0,77%); vestido e saia (-0,70%); leite em p\u00f3 (-1,07%) e sapato feminino (-0,79%).<\/p>\n<p>Marli Moreira &#8211; Rep\u00f3rter da Ag\u00eancia Brasil<br \/>\nEdi\u00e7\u00e3o: Gra\u00e7a Adjuto<br \/>\n12\/02\/2016<\/p>\n","protected":false},"excerpt":{"rendered":"<p>O \u00cdndice de Pre\u00e7os ao Consumidor Semanal (IPC-S) apresentou alta de 1,8% na primeira pr\u00e9via de fevereiro, indicando aumento no ritmo de eleva\u00e7\u00e3o em rela\u00e7\u00e3o ao fechamento de janeiro, quando a varia\u00e7\u00e3o atingiu 1,78%. A apura\u00e7\u00e3o feita pelo Instituto Brasileiro de Economia (Ibre) da Funda\u00e7\u00e3o Getulio Vargas (FGV) mostra que quatro dos oito grupos pesquisados [&hellip;]<\/p>\n","protected":false},"author":2,"featured_media":57584,"comment_status":"open","ping_status":"closed","sticky":false,"template":"","format":"standard","meta":{"_genesis_hide_title":false,"_genesis_hide_breadcrumbs":false,"_genesis_hide_singular_image":false,"_genesis_hide_footer_widgets":false,"_genesis_custom_body_class":"","_genesis_custom_post_class":"","_genesis_layout":"","_jetpack_memberships_contains_paid_content":false,"footnotes":""},"categories":[22,7],"tags":[],"class_list":{"0":"post-80925","1":"post","2":"type-post","3":"status-publish","4":"format-standard","5":"has-post-thumbnail","7":"category-brasil","8":"category-economia","9":"entry","10":"gs-1","11":"gs-odd","12":"gs-even","13":"gs-featured-content-entry"},"jetpack_featured_media_url":"https:\/\/www.redenoticia.com.br\/noticia\/imagens\/economia-grafica-analise-inflacao.jpg","jetpack_sharing_enabled":true,"jetpack_likes_enabled":true,"_links":{"self":[{"href":"https:\/\/www.redenoticia.com.br\/noticia\/wp-json\/wp\/v2\/posts\/80925","targetHints":{"allow":["GET"]}}],"collection":[{"href":"https:\/\/www.redenoticia.com.br\/noticia\/wp-json\/wp\/v2\/posts"}],"about":[{"href":"https:\/\/www.redenoticia.com.br\/noticia\/wp-json\/wp\/v2\/types\/post"}],"author":[{"embeddable":true,"href":"https:\/\/www.redenoticia.com.br\/noticia\/wp-json\/wp\/v2\/users\/2"}],"replies":[{"embeddable":true,"href":"https:\/\/www.redenoticia.com.br\/noticia\/wp-json\/wp\/v2\/comments?post=80925"}],"version-history":[{"count":0,"href":"https:\/\/www.redenoticia.com.br\/noticia\/wp-json\/wp\/v2\/posts\/80925\/revisions"}],"wp:featuredmedia":[{"embeddable":true,"href":"https:\/\/www.redenoticia.com.br\/noticia\/wp-json\/wp\/v2\/media\/57584"}],"wp:attachment":[{"href":"https:\/\/www.redenoticia.com.br\/noticia\/wp-json\/wp\/v2\/media?parent=80925"}],"wp:term":[{"taxonomy":"category","embeddable":true,"href":"https:\/\/www.redenoticia.com.br\/noticia\/wp-json\/wp\/v2\/categories?post=80925"},{"taxonomy":"post_tag","embeddable":true,"href":"https:\/\/www.redenoticia.com.br\/noticia\/wp-json\/wp\/v2\/tags?post=80925"}],"curies":[{"name":"wp","href":"https:\/\/api.w.org\/{rel}","templated":true}]}}