{"id":80923,"date":"2016-02-12T10:09:30","date_gmt":"2016-02-12T12:09:30","guid":{"rendered":"http:\/\/www.redenoticia.com.br\/noticia\/?p=80923"},"modified":"2016-02-11T18:10:44","modified_gmt":"2016-02-11T20:10:44","slug":"procon-sp-banco-do-brasil-e-itau-sobem-juros-do-cheque-especial-e-de-emprestimo","status":"publish","type":"post","link":"https:\/\/www.redenoticia.com.br\/noticia\/2016\/procon-sp-banco-do-brasil-e-itau-sobem-juros-do-cheque-especial-e-de-emprestimo\/80923","title":{"rendered":"Procon-SP: Banco do Brasil e Ita\u00fa sobem juros do cheque especial e de empr\u00e9stimo"},"content":{"rendered":"<p> O Banco do Brasil e o Ita\u00fa elevaram os <strong><em>juros<\/em><\/strong> do cheque especial e do empr\u00e9stimo pessoal aos clientes. Uma pesquisa feita pela Funda\u00e7\u00e3o Procon de S\u00e3o Paulo com sete institui\u00e7\u00f5es mostra que os demais bancos mantiveram os valores.<\/p>\n<p>Segundo a pesquisa, a taxa m\u00e9dia de juros para o cheque especial entre os bancos ficou em 12,79% ao m\u00eas, 0,27 ponto percentual superior \u00e0 taxa m\u00e9dia do m\u00eas anterior (12,52%). No Banco do Brasil, a taxa passou de 11,8% para 11,91% ao m\u00eas e no Ita\u00fa, passou de 10,56% para 12,33% ao m\u00eas.<\/p>\n<p>No empr\u00e9stimo pessoal, a taxa m\u00e9dia de juros entre os bancos pesquisados foi 6,41% ao m\u00eas, 0,4 ponto percentual acima do verificado no m\u00eas anterior (6,37%) ao m\u00eas. No Banco do Brasil, a taxa passou de 5,5% para 5,6% ao m\u00eas e no Ita\u00fa variou de 6,22% para 6,43% ao m\u00eas.<\/p>\n<p>O Procon de S\u00e3o Paulo alerta o consumidor para ficar atento ao custo de uitiliza\u00e7\u00e3o dessas modalidades de cr\u00e9dito. \u201cAs taxas de juros refletem o impacto da situa\u00e7\u00e3o econ\u00f4mica atual do pa\u00eds. No caso de necessitar de cr\u00e9dito, \u00e9 recomend\u00e1vel pesquisar as melhores taxas e negociar com a institui\u00e7\u00e3o financeira, especialmente quando mantiver um v\u00ednculo como correntista\u201d.<\/p>\n<p>As duas institui\u00e7\u00f5es citadas foram contactadas pela reportagem, mas at\u00e9 o momento da publica\u00e7\u00e3o do texto n\u00e3o se manifestaram sobre a pesquisa.<\/p>\n<p>Fl\u00e1via Albuquerque \u2013 Rep\u00f3rter da Ag\u00eancia Brasil<br \/>\nEdi\u00e7\u00e3o: Denise Griesinger<br \/>\n12\/02\/2016<\/p>\n","protected":false},"excerpt":{"rendered":"<p>O Banco do Brasil e o Ita\u00fa elevaram os juros do cheque especial e do empr\u00e9stimo pessoal aos clientes. Uma pesquisa feita pela Funda\u00e7\u00e3o Procon de S\u00e3o Paulo com sete institui\u00e7\u00f5es mostra que os demais bancos mantiveram os valores. Segundo a pesquisa, a taxa m\u00e9dia de juros para o cheque especial entre os bancos ficou [&hellip;]<\/p>\n","protected":false},"author":2,"featured_media":57585,"comment_status":"open","ping_status":"closed","sticky":false,"template":"","format":"standard","meta":{"_genesis_hide_title":false,"_genesis_hide_breadcrumbs":false,"_genesis_hide_singular_image":false,"_genesis_hide_footer_widgets":false,"_genesis_custom_body_class":"","_genesis_custom_post_class":"","_genesis_layout":"","_jetpack_memberships_contains_paid_content":false,"footnotes":""},"categories":[22,7],"tags":[],"class_list":{"0":"post-80923","1":"post","2":"type-post","3":"status-publish","4":"format-standard","5":"has-post-thumbnail","7":"category-brasil","8":"category-economia","9":"entry","10":"gs-1","11":"gs-odd","12":"gs-even","13":"gs-featured-content-entry"},"jetpack_featured_media_url":"https:\/\/www.redenoticia.com.br\/noticia\/imagens\/analise-economia.jpg","jetpack_sharing_enabled":true,"jetpack_likes_enabled":true,"_links":{"self":[{"href":"https:\/\/www.redenoticia.com.br\/noticia\/wp-json\/wp\/v2\/posts\/80923","targetHints":{"allow":["GET"]}}],"collection":[{"href":"https:\/\/www.redenoticia.com.br\/noticia\/wp-json\/wp\/v2\/posts"}],"about":[{"href":"https:\/\/www.redenoticia.com.br\/noticia\/wp-json\/wp\/v2\/types\/post"}],"author":[{"embeddable":true,"href":"https:\/\/www.redenoticia.com.br\/noticia\/wp-json\/wp\/v2\/users\/2"}],"replies":[{"embeddable":true,"href":"https:\/\/www.redenoticia.com.br\/noticia\/wp-json\/wp\/v2\/comments?post=80923"}],"version-history":[{"count":0,"href":"https:\/\/www.redenoticia.com.br\/noticia\/wp-json\/wp\/v2\/posts\/80923\/revisions"}],"wp:featuredmedia":[{"embeddable":true,"href":"https:\/\/www.redenoticia.com.br\/noticia\/wp-json\/wp\/v2\/media\/57585"}],"wp:attachment":[{"href":"https:\/\/www.redenoticia.com.br\/noticia\/wp-json\/wp\/v2\/media?parent=80923"}],"wp:term":[{"taxonomy":"category","embeddable":true,"href":"https:\/\/www.redenoticia.com.br\/noticia\/wp-json\/wp\/v2\/categories?post=80923"},{"taxonomy":"post_tag","embeddable":true,"href":"https:\/\/www.redenoticia.com.br\/noticia\/wp-json\/wp\/v2\/tags?post=80923"}],"curies":[{"name":"wp","href":"https:\/\/api.w.org\/{rel}","templated":true}]}}