{"id":80921,"date":"2016-02-12T10:07:40","date_gmt":"2016-02-12T12:07:40","guid":{"rendered":"http:\/\/www.redenoticia.com.br\/noticia\/?p=80921"},"modified":"2016-02-11T18:09:18","modified_gmt":"2016-02-11T20:09:18","slug":"taxas-de-juros-sobem-pelo-16o-mes-seguido-diz-anefac","status":"publish","type":"post","link":"https:\/\/www.redenoticia.com.br\/noticia\/2016\/taxas-de-juros-sobem-pelo-16o-mes-seguido-diz-anefac\/80921","title":{"rendered":"Taxas de juros sobem pelo 16\u00ba m\u00eas seguido, diz Anefac"},"content":{"rendered":"<p> As taxas de <strong><em>juros<\/em><\/strong> das opera\u00e7\u00f5es de cr\u00e9dito voltaram a subir em janeiro de 2016, na 16\u00aa eleva\u00e7\u00e3o consecutiva, de acordo com a Associa\u00e7\u00e3o Nacional dos Executivos de Finan\u00e7as, Administra\u00e7\u00e3o e Contabilidade (Anefac).<\/p>\n<p>De acordo com a Anefac, as seis linhas de cr\u00e9dito pesquisadas tiveram juros elevados no m\u00eas (juros do com\u00e9rcio, cart\u00e3o de cr\u00e9dito rotativo, cheque especial, cr\u00e9dito direto para  financiamento de ve\u00edculos, empr\u00e9stimo pessoal de bancos e empr\u00e9stimo pessoal de financeiras). Com isso, a taxa m\u00e9dia de juros geral para pessoa f\u00edsica, subiu 0,11 ponto percentual de dezembro para janeiro deste ano e atingiu 7,67% ao m\u00eas (142,74% ao ano). Esse \u00e9 a maior taxa de juros desde fevereiro de 2005.<\/p>\n<p>No caso das empresas (capital de giro, desconto de duplicatas e conta garantida), tamb\u00e9m houve eleva\u00e7\u00e3o nas tr\u00eas linhas de cr\u00e9dito pesquisadas. A taxa de juros m\u00e9dia geral para pessoa jur\u00eddica apresentou eleva\u00e7\u00e3o de 0,06 ponto percentual ao passar de 4,27% ao m\u00eas (65,16% ao ano) em dezembro de 2015 para 4,33% ao m\u00eas (66,31% ao ano) em janeiro de 2016. Essa \u00e9 a maior taxa de juros desde fevereiro de 2009.<\/p>\n<p>De acordo com o diretor de estudos e pesquisas econ\u00f4micas da Anefac, Miguel Jos\u00e9 Ribeiro de Oliveira, um dos motivos que explica as eleva\u00e7\u00f5es dos juros \u00e9 o cen\u00e1rio econ\u00f4mico que aumenta o risco dos \u00edndices de inadimpl\u00eancia tamb\u00e9m subirem. \u201cEste momento se baseia no fato de os \u00edndices de infla\u00e7\u00e3o estarem mais elevados, com aumento de impostos e juros maiores, que reduzem a renda das fam\u00edlias. Agregado ao baixo crescimento econ\u00f4mico, dever\u00e1 promover crescimento dos \u00edndices de desemprego\u201d, disse Oliveira.<\/p>\n<p>Ele acrescentou que como as expectativas para 2016 \u201cs\u00e3o igualmente negativas quanto a todos estes fatores\u201d, as institui\u00e7\u00f5es financeiras aumentam suas taxas de juros para compensar prov\u00e1veis perdas com a eleva\u00e7\u00e3o da inadimpl\u00eancia. O outro fator que explica a eleva\u00e7\u00e3o das taxas \u00e9 o aumento das taxas de juros futuros, por conta da turbul\u00eancia pol\u00edtica e econ\u00f4mica.<\/p>\n<p>Kelly Oliveira \u2013 Rep\u00f3rter da Ag\u00eancia Brasil<br \/>\nEdi\u00e7\u00e3o: Denise Griesinger<br \/>\n12\/02\/2016<\/p>\n","protected":false},"excerpt":{"rendered":"<p>As taxas de juros das opera\u00e7\u00f5es de cr\u00e9dito voltaram a subir em janeiro de 2016, na 16\u00aa eleva\u00e7\u00e3o consecutiva, de acordo com a Associa\u00e7\u00e3o Nacional dos Executivos de Finan\u00e7as, Administra\u00e7\u00e3o e Contabilidade (Anefac). De acordo com a Anefac, as seis linhas de cr\u00e9dito pesquisadas tiveram juros elevados no m\u00eas (juros do com\u00e9rcio, cart\u00e3o de cr\u00e9dito [&hellip;]<\/p>\n","protected":false},"author":2,"featured_media":57583,"comment_status":"open","ping_status":"closed","sticky":false,"template":"","format":"standard","meta":{"_genesis_hide_title":false,"_genesis_hide_breadcrumbs":false,"_genesis_hide_singular_image":false,"_genesis_hide_footer_widgets":false,"_genesis_custom_body_class":"","_genesis_custom_post_class":"","_genesis_layout":"","_jetpack_memberships_contains_paid_content":false,"footnotes":""},"categories":[22,7],"tags":[],"class_list":{"0":"post-80921","1":"post","2":"type-post","3":"status-publish","4":"format-standard","5":"has-post-thumbnail","7":"category-brasil","8":"category-economia","9":"entry","10":"gs-1","11":"gs-odd","12":"gs-even","13":"gs-featured-content-entry"},"jetpack_featured_media_url":"https:\/\/www.redenoticia.com.br\/noticia\/imagens\/economia-grafico.jpg","jetpack_sharing_enabled":true,"jetpack_likes_enabled":true,"_links":{"self":[{"href":"https:\/\/www.redenoticia.com.br\/noticia\/wp-json\/wp\/v2\/posts\/80921","targetHints":{"allow":["GET"]}}],"collection":[{"href":"https:\/\/www.redenoticia.com.br\/noticia\/wp-json\/wp\/v2\/posts"}],"about":[{"href":"https:\/\/www.redenoticia.com.br\/noticia\/wp-json\/wp\/v2\/types\/post"}],"author":[{"embeddable":true,"href":"https:\/\/www.redenoticia.com.br\/noticia\/wp-json\/wp\/v2\/users\/2"}],"replies":[{"embeddable":true,"href":"https:\/\/www.redenoticia.com.br\/noticia\/wp-json\/wp\/v2\/comments?post=80921"}],"version-history":[{"count":0,"href":"https:\/\/www.redenoticia.com.br\/noticia\/wp-json\/wp\/v2\/posts\/80921\/revisions"}],"wp:featuredmedia":[{"embeddable":true,"href":"https:\/\/www.redenoticia.com.br\/noticia\/wp-json\/wp\/v2\/media\/57583"}],"wp:attachment":[{"href":"https:\/\/www.redenoticia.com.br\/noticia\/wp-json\/wp\/v2\/media?parent=80921"}],"wp:term":[{"taxonomy":"category","embeddable":true,"href":"https:\/\/www.redenoticia.com.br\/noticia\/wp-json\/wp\/v2\/categories?post=80921"},{"taxonomy":"post_tag","embeddable":true,"href":"https:\/\/www.redenoticia.com.br\/noticia\/wp-json\/wp\/v2\/tags?post=80921"}],"curies":[{"name":"wp","href":"https:\/\/api.w.org\/{rel}","templated":true}]}}