{"id":80919,"date":"2016-02-12T10:06:56","date_gmt":"2016-02-12T12:06:56","guid":{"rendered":"http:\/\/www.redenoticia.com.br\/noticia\/?p=80919"},"modified":"2016-02-11T18:07:25","modified_gmt":"2016-02-11T20:07:25","slug":"numero-de-pedidos-de-recuperacao-judicial-em-2015-e-o-maior-em-10-anos","status":"publish","type":"post","link":"https:\/\/www.redenoticia.com.br\/noticia\/2016\/numero-de-pedidos-de-recuperacao-judicial-em-2015-e-o-maior-em-10-anos\/80919","title":{"rendered":"N\u00famero de pedidos de recupera\u00e7\u00e3o judicial em 2015 \u00e9 o maior em 10 anos"},"content":{"rendered":"<p> O n\u00famero de <strong><em>recupera\u00e7\u00f5es judiciais<\/em><\/strong> requeridas no pa\u00eds em 2015 foi a maior desde 2005. Segundo dados divulgados pela Serasa Experian, foram 1.287 recupera\u00e7\u00f5es judiciais requeridas em 2015, 55,4% maior do que em 2014, quando foram registradas 828 solicita\u00e7\u00f5es.<\/p>\n<p>O setor de servi\u00e7os foi o que mais apresentou recupera\u00e7\u00f5es requeridas em 2015, com 480 pedidos, seguido do com\u00e9rcio, com 404, e da ind\u00fastria, com 359. O setor prim\u00e1rio registrou 44 pedidos.<\/p>\n<p>\u201cO aprofundamento da recess\u00e3o econ\u00f4mica, os custos do cr\u00e9dito cada vez mais elevados e a alta acumulada do d\u00f3lar neste ano est\u00e3o impondo dificuldades financeiras \u00e0s empresas, seja pelo enfraquecimento da gera\u00e7\u00e3o de caixa (recess\u00e3o), seja pela eleva\u00e7\u00e3o de custos (juros e d\u00f3lar)\u201d, disse a Serasa, em nota.<\/p>\n<p>A recupera\u00e7\u00e3o judicial \u00e9 uma medida para evitar a fal\u00eancia de uma empresa. \u00c9 pedida quando a pessoa jur\u00eddica perde a capacidade de pagar suas d\u00edvidas. \u00c9 um meio para que a empresa em dificuldades reorganize seus neg\u00f3cios e se recupere de uma dificuldade financeira moment\u00e2nea.<\/p>\n<p>J\u00e1 o n\u00famero de fal\u00eancias requeridas em 2015, nos setores de servi\u00e7o, com\u00e9rcio e ind\u00fastria, totalizou 1.760, um acr\u00e9scimo de 6% em rela\u00e7\u00e3o ao ano anterior. Em 2012, esse n\u00famero foi de 1.917, e em 2010, 1.914. No per\u00edodo de 2005 a 2015, o recorde de fal\u00eancias requeridas nos tr\u00eas setores ocorreu em 2005 (9.497), seguido de 2006 (4.157) e 2007 (2.705). A nova lei de fal\u00eancias entrou em vigor em junho de 2005.<\/p>\n<p>Bruno Bocchini \u2013 Rep\u00f3rter da Ag\u00eancia Brasil<br \/>\nEdi\u00e7\u00e3o: Maria Claudia<br \/>\n12\/02\/2016<\/p>\n","protected":false},"excerpt":{"rendered":"<p>O n\u00famero de recupera\u00e7\u00f5es judiciais requeridas no pa\u00eds em 2015 foi a maior desde 2005. Segundo dados divulgados pela Serasa Experian, foram 1.287 recupera\u00e7\u00f5es judiciais requeridas em 2015, 55,4% maior do que em 2014, quando foram registradas 828 solicita\u00e7\u00f5es. O setor de servi\u00e7os foi o que mais apresentou recupera\u00e7\u00f5es requeridas em 2015, com 480 pedidos, [&hellip;]<\/p>\n","protected":false},"author":2,"featured_media":57582,"comment_status":"open","ping_status":"closed","sticky":false,"template":"","format":"standard","meta":{"_genesis_hide_title":false,"_genesis_hide_breadcrumbs":false,"_genesis_hide_singular_image":false,"_genesis_hide_footer_widgets":false,"_genesis_custom_body_class":"","_genesis_custom_post_class":"","_genesis_layout":"","_jetpack_memberships_contains_paid_content":false,"footnotes":""},"categories":[22,7],"tags":[],"class_list":{"0":"post-80919","1":"post","2":"type-post","3":"status-publish","4":"format-standard","5":"has-post-thumbnail","7":"category-brasil","8":"category-economia","9":"entry","10":"gs-1","11":"gs-odd","12":"gs-even","13":"gs-featured-content-entry"},"jetpack_featured_media_url":"https:\/\/www.redenoticia.com.br\/noticia\/imagens\/grafico1.jpg","jetpack_sharing_enabled":true,"jetpack_likes_enabled":true,"_links":{"self":[{"href":"https:\/\/www.redenoticia.com.br\/noticia\/wp-json\/wp\/v2\/posts\/80919","targetHints":{"allow":["GET"]}}],"collection":[{"href":"https:\/\/www.redenoticia.com.br\/noticia\/wp-json\/wp\/v2\/posts"}],"about":[{"href":"https:\/\/www.redenoticia.com.br\/noticia\/wp-json\/wp\/v2\/types\/post"}],"author":[{"embeddable":true,"href":"https:\/\/www.redenoticia.com.br\/noticia\/wp-json\/wp\/v2\/users\/2"}],"replies":[{"embeddable":true,"href":"https:\/\/www.redenoticia.com.br\/noticia\/wp-json\/wp\/v2\/comments?post=80919"}],"version-history":[{"count":0,"href":"https:\/\/www.redenoticia.com.br\/noticia\/wp-json\/wp\/v2\/posts\/80919\/revisions"}],"wp:featuredmedia":[{"embeddable":true,"href":"https:\/\/www.redenoticia.com.br\/noticia\/wp-json\/wp\/v2\/media\/57582"}],"wp:attachment":[{"href":"https:\/\/www.redenoticia.com.br\/noticia\/wp-json\/wp\/v2\/media?parent=80919"}],"wp:term":[{"taxonomy":"category","embeddable":true,"href":"https:\/\/www.redenoticia.com.br\/noticia\/wp-json\/wp\/v2\/categories?post=80919"},{"taxonomy":"post_tag","embeddable":true,"href":"https:\/\/www.redenoticia.com.br\/noticia\/wp-json\/wp\/v2\/tags?post=80919"}],"curies":[{"name":"wp","href":"https:\/\/api.w.org\/{rel}","templated":true}]}}