{"id":80887,"date":"2016-02-11T10:50:49","date_gmt":"2016-02-11T12:50:49","guid":{"rendered":"http:\/\/www.redenoticia.com.br\/noticia\/?p=80887"},"modified":"2016-02-10T20:52:02","modified_gmt":"2016-02-10T22:52:02","slug":"projecao-de-instituicoes-financeiras-para-inflacao-sobe-para-756-este-ano","status":"publish","type":"post","link":"https:\/\/www.redenoticia.com.br\/noticia\/2016\/projecao-de-instituicoes-financeiras-para-inflacao-sobe-para-756-este-ano\/80887","title":{"rendered":"Proje\u00e7\u00e3o de institui\u00e7\u00f5es financeiras para infla\u00e7\u00e3o sobe para 7,56% este ano"},"content":{"rendered":"<p> A proje\u00e7\u00e3o de institui\u00e7\u00f5es financeiras para a <strong><em>infla\u00e7\u00e3o<\/em><\/strong> este ano continua a subir. No sexto ajuste seguido, a proje\u00e7\u00e3o para o \u00cdndice Nacional de Pre\u00e7os ao Consumidor Amplo (IPCA) passou de 7,26% para 7,56%. Para 2017, a estimativa sobe por quatro semanas consecutivas. Desta vez, passou de 5,80% para 6%, de acordo com o boletim Focus, publica\u00e7\u00e3o divulgada semanalmente pelo Banco Central (BC), com base em proje\u00e7\u00f5es de institui\u00e7\u00f5es financeiras para os principais indicadores econ\u00f4micos.<\/p>\n<p>As estimativas de infla\u00e7\u00e3o est\u00e3o distantes do centro da meta, de 4,5%, e neste ano supera o teto, de 6,5%. O limite superior da meta em 2017 \u00e9 6%.<\/p>\n<p>Depois da \u00faltima decis\u00e3o do Comit\u00ea de Pol\u00edtica Monet\u00e1ria (Copom), de o BC de manter a taxa b\u00e1sica de juros, a Selic, em 14,25% ao ano, os analistas n\u00e3o esperam mais por aumento dos juros b\u00e1sicos em 2016. A mediana das expectativas (que desconsidera os extremos nas proje\u00e7\u00f5es) para o final de 2016 segue em 14,25% ao ano. Em 2017, a expectativa \u00e9 de que a Selic seja reduzida e encerre o per\u00edodo em 12,50% ao ano. A proje\u00e7\u00e3o anterior era 12,75% ao ano.<\/p>\n<p>A taxa \u00e9 usada nas negocia\u00e7\u00f5es de t\u00edtulos p\u00fablicos no Sistema Especial de Liquida\u00e7\u00e3o e Cust\u00f3dia (Selic) e serve como refer\u00eancia para as demais taxas de juros da economia. Ao reajust\u00e1-la para cima, o BC cont\u00e9m o excesso de demanda que pressiona os pre\u00e7os, porque os juros mais altos encarecem o cr\u00e9dito e estimulam a poupan\u00e7a. Quando reduz os juros b\u00e1sicos, o Copom barateia o cr\u00e9dito e incentiva a produ\u00e7\u00e3o e o consumo, mas alivia o controle sobre a infla\u00e7\u00e3o.<\/p>\n<p>A pesquisa do BC tamb\u00e9m traz a proje\u00e7\u00e3o para a infla\u00e7\u00e3o medida pelo \u00cdndice Geral de Pre\u00e7os \u2013 Disponibilidade Interna (IGP-DI), que subiu de 7% para 7,72% este ano. A estimativa para 2017 segue em 5,50%. Para o \u00cdndice Geral de Pre\u00e7os &#8211; Mercado (IGP-M), a estimativa passou de 7,18% para 7,29% este ano, e de 5,49% para 5,50% em 2017.<\/p>\n<p>A estimativa para o \u00cdndice de Pre\u00e7os ao Consumidor, da Funda\u00e7\u00e3o Instituto de Pesquisas Econ\u00f4micas (IPC-Fipe), foi alterada de 6,27% para 7,% em 2016. Para o pr\u00f3ximo ano, a proje\u00e7\u00e3o subiu de 5,18% para 5,30%.<\/p>\n<p>A proje\u00e7\u00e3o para os pre\u00e7os administrados permanece em 7,70% este ano e em 5,50% em 2017.<\/p>\n<p>Atividade econ\u00f4mica<\/p>\n<p>Al\u00e9m de infla\u00e7\u00e3o alta, as institui\u00e7\u00f5es financeiras projetam retra\u00e7\u00e3o da economia em 2016. A estimativa para a queda do Produto Interno Bruto (PIB), a soma de todos os bens e servi\u00e7os produzidos no pa\u00eds, piorou pela terceira vez seguida, ao passar de 3,01% para 3,21%. Para 2017, as institui\u00e7\u00f5es financeiras esperam por uma recupera\u00e7\u00e3o da economia, mas a proje\u00e7\u00e3o de crescimento est\u00e1 cada vez menor. No terceiro ajuste seguido, a estimativa de expans\u00e3o foi alterada de 0,70% para 0,60%.<\/p>\n<p>A proje\u00e7\u00e3o para a retra\u00e7\u00e3o da produ\u00e7\u00e3o industrial este ano passou de 3,80% para 4%. Em 2017, o setor deve se recuperar, com proje\u00e7\u00e3o de crescimento de 1,5%, a mesma h\u00e1 duas semanas.<\/p>\n<p>Contas externas<\/p>\n<p>A estimativa para o d\u00e9ficit em transa\u00e7\u00f5es correntes, que s\u00e3o as compras e vendas de mercadorias e servi\u00e7os do pa\u00eds com o mundo, passou de US$ 33,55 bilh\u00f5es para US$ 33 bilh\u00f5es este ano, e de US$ 27,25 bilh\u00f5es para US$ 28 bilh\u00f5es em 2017. A proje\u00e7\u00e3o para o super\u00e1vit comercial (exporta\u00e7\u00f5es maiores que importa\u00e7\u00f5es) foi alterada de US$ 37,90 bilh\u00f5es para US$ 36,35 bilh\u00f5es este ano, e de US$ 40 bilh\u00f5es para US$ 39,3 bilh\u00f5es em 2017.<\/p>\n<p>A proje\u00e7\u00e3o para a cota\u00e7\u00e3o do d\u00f3lar permanece em R$ 4,35, ao fim de 2016, e em R$ 4,40 ao fim de 2017.<\/p>\n<p>Na avalia\u00e7\u00e3o das institui\u00e7\u00f5es financeiras, o investimento direto no pa\u00eds (recursos estrangeiros que v\u00e3o para o setor produtivo) deve chegar a US$ 55 bilh\u00f5es este ano e a US$ 60 bilh\u00f5es em 2017.<\/p>\n<p>A proje\u00e7\u00e3o para a d\u00edvida l\u00edquida do setor p\u00fablico passou de 40% para 40,2% do PIB este ano. Para 2017, a expectativa \u00e9 que essa rela\u00e7\u00e3o fique em 43% do PIB.<\/p>\n<p>Kelly Oliveira \u2013 Rep\u00f3rter da Ag\u00eancia Brasil<br \/>\nEdi\u00e7\u00e3o: Gra\u00e7a Adjuto<br \/>\n11\/02\/2016<\/p>\n","protected":false},"excerpt":{"rendered":"<p>A proje\u00e7\u00e3o de institui\u00e7\u00f5es financeiras para a infla\u00e7\u00e3o este ano continua a subir. No sexto ajuste seguido, a proje\u00e7\u00e3o para o \u00cdndice Nacional de Pre\u00e7os ao Consumidor Amplo (IPCA) passou de 7,26% para 7,56%. Para 2017, a estimativa sobe por quatro semanas consecutivas. Desta vez, passou de 5,80% para 6%, de acordo com o boletim [&hellip;]<\/p>\n","protected":false},"author":2,"featured_media":34916,"comment_status":"open","ping_status":"closed","sticky":false,"template":"","format":"standard","meta":{"_genesis_hide_title":false,"_genesis_hide_breadcrumbs":false,"_genesis_hide_singular_image":false,"_genesis_hide_footer_widgets":false,"_genesis_custom_body_class":"","_genesis_custom_post_class":"","_genesis_layout":"","_jetpack_memberships_contains_paid_content":false,"footnotes":""},"categories":[22,7],"tags":[],"class_list":{"0":"post-80887","1":"post","2":"type-post","3":"status-publish","4":"format-standard","5":"has-post-thumbnail","7":"category-brasil","8":"category-economia","9":"entry","10":"gs-1","11":"gs-odd","12":"gs-even","13":"gs-featured-content-entry"},"jetpack_featured_media_url":"https:\/\/www.redenoticia.com.br\/noticia\/imagens\/inflacao.jpg","jetpack_sharing_enabled":true,"jetpack_likes_enabled":true,"_links":{"self":[{"href":"https:\/\/www.redenoticia.com.br\/noticia\/wp-json\/wp\/v2\/posts\/80887","targetHints":{"allow":["GET"]}}],"collection":[{"href":"https:\/\/www.redenoticia.com.br\/noticia\/wp-json\/wp\/v2\/posts"}],"about":[{"href":"https:\/\/www.redenoticia.com.br\/noticia\/wp-json\/wp\/v2\/types\/post"}],"author":[{"embeddable":true,"href":"https:\/\/www.redenoticia.com.br\/noticia\/wp-json\/wp\/v2\/users\/2"}],"replies":[{"embeddable":true,"href":"https:\/\/www.redenoticia.com.br\/noticia\/wp-json\/wp\/v2\/comments?post=80887"}],"version-history":[{"count":0,"href":"https:\/\/www.redenoticia.com.br\/noticia\/wp-json\/wp\/v2\/posts\/80887\/revisions"}],"wp:featuredmedia":[{"embeddable":true,"href":"https:\/\/www.redenoticia.com.br\/noticia\/wp-json\/wp\/v2\/media\/34916"}],"wp:attachment":[{"href":"https:\/\/www.redenoticia.com.br\/noticia\/wp-json\/wp\/v2\/media?parent=80887"}],"wp:term":[{"taxonomy":"category","embeddable":true,"href":"https:\/\/www.redenoticia.com.br\/noticia\/wp-json\/wp\/v2\/categories?post=80887"},{"taxonomy":"post_tag","embeddable":true,"href":"https:\/\/www.redenoticia.com.br\/noticia\/wp-json\/wp\/v2\/tags?post=80887"}],"curies":[{"name":"wp","href":"https:\/\/api.w.org\/{rel}","templated":true}]}}