{"id":80885,"date":"2016-02-11T10:49:23","date_gmt":"2016-02-11T12:49:23","guid":{"rendered":"http:\/\/www.redenoticia.com.br\/noticia\/?p=80885"},"modified":"2016-02-10T20:50:44","modified_gmt":"2016-02-10T22:50:44","slug":"juiz-autoriza-pf-a-abrir-inquerito-sobre-sitio-frequentado-por-lula","status":"publish","type":"post","link":"https:\/\/www.redenoticia.com.br\/noticia\/2016\/juiz-autoriza-pf-a-abrir-inquerito-sobre-sitio-frequentado-por-lula\/80885","title":{"rendered":"Juiz autoriza PF a abrir inqu\u00e9rito sobre s\u00edtio frequentado por Lula"},"content":{"rendered":"<p> A Justi\u00e7a Federal autorizou a Pol\u00edcia Federal (PF) a instaurar um novo inqu\u00e9rito para apurar se a construtora OAS ou outras empresas investigadas na Opera\u00e7\u00e3o <strong><em>Lava Jato<\/em><\/strong> tem v\u00ednculos com um s\u00edtio de Atibaia, no interior de S\u00e3o Paulo, frequentado pelo ex-presidente Luiz In\u00e1cio Lula da Silva.<\/p>\n<p>O desmembramento do inqu\u00e9rito foi autorizado pelo juiz respons\u00e1vel pelo processo da Lava Jato, S\u00e9rgio Moro, da 13\u00aa Vara Federal de Curitiba (PF). Em despacho divulgado pelo Tribunal Regional Federal (TRF) da 4\u00aa Regi\u00e3o, Moro afirma \u201cn\u00e3o haver \u00f3bices [obje\u00e7\u00e3o] \u00e0 efetiva\u00e7\u00e3o do desmembramento requerido pela PF\u201d. Mas determina que, a partir de agora, a investiga\u00e7\u00e3o corra em segredo de Justi\u00e7a.<\/p>\n<p> Foi a PF quem solicitou o desmembramento do inqu\u00e9rito policial 0594, instaurado em 2014 para investigar eventuais crimes de peculato (desvio de dinheiro p\u00fablico por funcion\u00e1rio p\u00fablico) e de lavagem de dinheiro praticados por dirigentes da OAS. Para a PF, como o inqu\u00e9rito inicial j\u00e1 foi relatado, faltando apenas o resultado de algumas per\u00edcias para ser conclu\u00eddo, era necess\u00e1rio desmembrar os autos para apurar a suposta rela\u00e7\u00e3o da construtora, outras empresas e pessoas f\u00edsicas investigadas na Lava Jato com o s\u00edtio.<\/p>\n<p>\u201cAl\u00e9m da extens\u00e3o da investiga\u00e7\u00e3o para al\u00e9m do \u00e2mbito da empresa OAS, entendemos que as dilig\u00eancias em curso demandam necess\u00e1rio sigilo, j\u00e1 que o fato ainda est\u00e1 em investiga\u00e7\u00e3o, raz\u00e3o pela qual foram carregados documentos com n\u00edvel de sigilo diferenciado [n\u00edvel 2] daquele atualmente existente no IPL 0594\/2014, inclusive esta pr\u00f3pria representa\u00e7\u00e3o\u201d, disse Moro em sua decis\u00e3o.<\/p>\n<p>As suspeitas de que o ex-presidente Lula ou pessoas investigadas na Opera\u00e7\u00e3o Lava Jato tenham algum v\u00ednculo com o s\u00edtio de Atibaia surgiram recentemente. A pol\u00edcia j\u00e1 vinha investigando a suposta rela\u00e7\u00e3o de empresas e pessoas f\u00edsicas com o s\u00edtio dentro do inqu\u00e9rito policial 0594. H\u00e1 suspeitas de que construtoras pagaram pela reforma da propriedade, registrada em nome de Fernando Bittar e Jonas Suassuna, s\u00f3cios de um dos filhos do ex-presidente Lula, F\u00e1bio Luis Lula da Silva, na empresa Gamecorp. Segundo o jornal Folha de S.Paulo, a ex-primeira dama, Marisa Let\u00edcia, comprou um pequeno barco de pesca de alum\u00ednio e pediu que o equipamento fosse entregue na ch\u00e1cara.<\/p>\n<p>De acordo com o Instituto Lula, o ex-presidente e Marisa Let\u00edcia frequentam o s\u00edtio em momentos de folga, a convite dos donos, que s\u00e3o amigos da fam\u00edlia. Em nota, o instituto disse haver uma tentativa de associar o petista a supostos atos il\u00edcitos para &#8220;macular a imagem do ex-presidente&#8221;.<\/p>\n<p>Alex Rodrigues &#8211; Rep\u00f3rter da Ag\u00eancia Brasil<br \/>\nEdi\u00e7\u00e3o: Carolina Pimentel<br \/>\n11\/02\/2016<\/p>\n","protected":false},"excerpt":{"rendered":"<p>A Justi\u00e7a Federal autorizou a Pol\u00edcia Federal (PF) a instaurar um novo inqu\u00e9rito para apurar se a construtora OAS ou outras empresas investigadas na Opera\u00e7\u00e3o Lava Jato tem v\u00ednculos com um s\u00edtio de Atibaia, no interior de S\u00e3o Paulo, frequentado pelo ex-presidente Luiz In\u00e1cio Lula da Silva. O desmembramento do inqu\u00e9rito foi autorizado pelo juiz [&hellip;]<\/p>\n","protected":false},"author":2,"featured_media":38938,"comment_status":"open","ping_status":"closed","sticky":false,"template":"","format":"standard","meta":{"_genesis_hide_title":false,"_genesis_hide_breadcrumbs":false,"_genesis_hide_singular_image":false,"_genesis_hide_footer_widgets":false,"_genesis_custom_body_class":"","_genesis_custom_post_class":"","_genesis_layout":"","_jetpack_memberships_contains_paid_content":false,"footnotes":""},"categories":[22],"tags":[],"class_list":{"0":"post-80885","1":"post","2":"type-post","3":"status-publish","4":"format-standard","5":"has-post-thumbnail","7":"category-brasil","8":"entry","9":"gs-1","10":"gs-odd","11":"gs-even","12":"gs-featured-content-entry"},"jetpack_featured_media_url":"https:\/\/www.redenoticia.com.br\/noticia\/imagens\/economia1.jpg","jetpack_sharing_enabled":true,"jetpack_likes_enabled":true,"_links":{"self":[{"href":"https:\/\/www.redenoticia.com.br\/noticia\/wp-json\/wp\/v2\/posts\/80885","targetHints":{"allow":["GET"]}}],"collection":[{"href":"https:\/\/www.redenoticia.com.br\/noticia\/wp-json\/wp\/v2\/posts"}],"about":[{"href":"https:\/\/www.redenoticia.com.br\/noticia\/wp-json\/wp\/v2\/types\/post"}],"author":[{"embeddable":true,"href":"https:\/\/www.redenoticia.com.br\/noticia\/wp-json\/wp\/v2\/users\/2"}],"replies":[{"embeddable":true,"href":"https:\/\/www.redenoticia.com.br\/noticia\/wp-json\/wp\/v2\/comments?post=80885"}],"version-history":[{"count":0,"href":"https:\/\/www.redenoticia.com.br\/noticia\/wp-json\/wp\/v2\/posts\/80885\/revisions"}],"wp:featuredmedia":[{"embeddable":true,"href":"https:\/\/www.redenoticia.com.br\/noticia\/wp-json\/wp\/v2\/media\/38938"}],"wp:attachment":[{"href":"https:\/\/www.redenoticia.com.br\/noticia\/wp-json\/wp\/v2\/media?parent=80885"}],"wp:term":[{"taxonomy":"category","embeddable":true,"href":"https:\/\/www.redenoticia.com.br\/noticia\/wp-json\/wp\/v2\/categories?post=80885"},{"taxonomy":"post_tag","embeddable":true,"href":"https:\/\/www.redenoticia.com.br\/noticia\/wp-json\/wp\/v2\/tags?post=80885"}],"curies":[{"name":"wp","href":"https:\/\/api.w.org\/{rel}","templated":true}]}}