{"id":80883,"date":"2016-02-11T10:48:09","date_gmt":"2016-02-11T12:48:09","guid":{"rendered":"http:\/\/www.redenoticia.com.br\/noticia\/?p=80883"},"modified":"2016-02-10T20:49:15","modified_gmt":"2016-02-10T22:49:15","slug":"pre-selecionados-no-fies-podem-contratar-financiamento","status":"publish","type":"post","link":"https:\/\/www.redenoticia.com.br\/noticia\/2016\/pre-selecionados-no-fies-podem-contratar-financiamento\/80883","title":{"rendered":"Pr\u00e9-selecionados no Fies podem contratar financiamento"},"content":{"rendered":"<p> O estudante pr\u00e9-selecionado na chamada \u00fanica do Fundo de Financiamento Estudantil (<strong><em>Fies<\/em><\/strong>), que tiver a inscri\u00e7\u00e3o validada pela institui\u00e7\u00e3o de ensino, pode comparecer \u00e0 ag\u00eancia banc\u00e1ria para contratar o financiamento.<\/p>\n<p>Para validar a inscri\u00e7\u00e3o, o estudante deve procurar a Comiss\u00e3o Permanente de Supervis\u00e3o e Acompanhamento (CPSA) da institui\u00e7\u00e3o de ensino.<\/p>\n<p>Nesta edi\u00e7\u00e3o do primeiro semestre de 2016, foram ofertadas 250.279 vagas em 1.337 institui\u00e7\u00f5es de educa\u00e7\u00e3o superior. O Fies oferece financiamento de cursos em institui\u00e7\u00f5es privadas de ensino a uma taxa efetiva de juros de 6,5% ao ano. O percentual de financiamento \u00e9 definido de acordo com o comprometimento da renda familiar mensal bruta per capita do estudante.<\/p>\n<p>Participaram do processo seletivo do Fies aqueles que fizeram o Exame Nacional do Ensino M\u00e9dio (Enem) a partir de 2010 e obtiveram pelo menos 450 pontos na m\u00e9dia das provas e nota acima de 0 na reda\u00e7\u00e3o. O candidato precisa ter tamb\u00e9m renda familiar mensal bruta per capita de at\u00e9 2,5 sal\u00e1rios m\u00ednimos.<\/p>\n<p> Yara Aquino &#8211; Rep\u00f3rter da Ag\u00eancia Brasil<br \/>\nEdi\u00e7\u00e3o: Talita Cavalcante<br \/>\n11\/02\/2016<\/p>\n","protected":false},"excerpt":{"rendered":"<p>O estudante pr\u00e9-selecionado na chamada \u00fanica do Fundo de Financiamento Estudantil (Fies), que tiver a inscri\u00e7\u00e3o validada pela institui\u00e7\u00e3o de ensino, pode comparecer \u00e0 ag\u00eancia banc\u00e1ria para contratar o financiamento. Para validar a inscri\u00e7\u00e3o, o estudante deve procurar a Comiss\u00e3o Permanente de Supervis\u00e3o e Acompanhamento (CPSA) da institui\u00e7\u00e3o de ensino. Nesta edi\u00e7\u00e3o do primeiro semestre [&hellip;]<\/p>\n","protected":false},"author":2,"featured_media":26465,"comment_status":"open","ping_status":"closed","sticky":false,"template":"","format":"standard","meta":{"_genesis_hide_title":false,"_genesis_hide_breadcrumbs":false,"_genesis_hide_singular_image":false,"_genesis_hide_footer_widgets":false,"_genesis_custom_body_class":"","_genesis_custom_post_class":"","_genesis_layout":"","_jetpack_memberships_contains_paid_content":false,"footnotes":""},"categories":[22],"tags":[],"class_list":{"0":"post-80883","1":"post","2":"type-post","3":"status-publish","4":"format-standard","5":"has-post-thumbnail","7":"category-brasil","8":"entry","9":"gs-1","10":"gs-odd","11":"gs-even","12":"gs-featured-content-entry"},"jetpack_featured_media_url":"https:\/\/www.redenoticia.com.br\/noticia\/imagens\/fies-financiamento-estudantil-inscricao-resultado.jpg","jetpack_sharing_enabled":true,"jetpack_likes_enabled":true,"_links":{"self":[{"href":"https:\/\/www.redenoticia.com.br\/noticia\/wp-json\/wp\/v2\/posts\/80883","targetHints":{"allow":["GET"]}}],"collection":[{"href":"https:\/\/www.redenoticia.com.br\/noticia\/wp-json\/wp\/v2\/posts"}],"about":[{"href":"https:\/\/www.redenoticia.com.br\/noticia\/wp-json\/wp\/v2\/types\/post"}],"author":[{"embeddable":true,"href":"https:\/\/www.redenoticia.com.br\/noticia\/wp-json\/wp\/v2\/users\/2"}],"replies":[{"embeddable":true,"href":"https:\/\/www.redenoticia.com.br\/noticia\/wp-json\/wp\/v2\/comments?post=80883"}],"version-history":[{"count":0,"href":"https:\/\/www.redenoticia.com.br\/noticia\/wp-json\/wp\/v2\/posts\/80883\/revisions"}],"wp:featuredmedia":[{"embeddable":true,"href":"https:\/\/www.redenoticia.com.br\/noticia\/wp-json\/wp\/v2\/media\/26465"}],"wp:attachment":[{"href":"https:\/\/www.redenoticia.com.br\/noticia\/wp-json\/wp\/v2\/media?parent=80883"}],"wp:term":[{"taxonomy":"category","embeddable":true,"href":"https:\/\/www.redenoticia.com.br\/noticia\/wp-json\/wp\/v2\/categories?post=80883"},{"taxonomy":"post_tag","embeddable":true,"href":"https:\/\/www.redenoticia.com.br\/noticia\/wp-json\/wp\/v2\/tags?post=80883"}],"curies":[{"name":"wp","href":"https:\/\/api.w.org\/{rel}","templated":true}]}}