{"id":80814,"date":"2016-02-10T10:25:54","date_gmt":"2016-02-10T12:25:54","guid":{"rendered":"http:\/\/www.redenoticia.com.br\/noticia\/?p=80814"},"modified":"2016-02-09T15:32:45","modified_gmt":"2016-02-09T17:32:45","slug":"agencia-de-energia-descarta-aumento-dos-precos-do-petroleo-a-curto-prazo","status":"publish","type":"post","link":"https:\/\/www.redenoticia.com.br\/noticia\/2016\/agencia-de-energia-descarta-aumento-dos-precos-do-petroleo-a-curto-prazo\/80814","title":{"rendered":"Ag\u00eancia de Energia descarta aumento dos pre\u00e7os do petr\u00f3leo a curto prazo"},"content":{"rendered":"<p> A Ag\u00eancia Internacional de Energia (AIE) rejeitou as previs\u00f5es que apontam para uma desacelera\u00e7\u00e3o da queda do <strong><em>pre\u00e7o do petr\u00f3leo<\/em><\/strong>, real\u00e7ando que n\u00e3o vislumbra um aumento dos pre\u00e7os a curto prazo.<\/p>\n<p>No seu relat\u00f3rio mensal sobre o mercado do petr\u00f3leo em fevereiro, a AIE desmontou as principais suposi\u00e7\u00f5es sobre o excesso da oferta global, que foi respons\u00e1vel por uma queda de mais de 70% dos pre\u00e7os no \u00faltimo ano e meio.<\/p>\n<p>Segundo a organiza\u00e7\u00e3o, a especula\u00e7\u00e3o sobre a exist\u00eancia de um acordo entre a Organiza\u00e7\u00e3o dos Pa\u00edses Exportadores (OPEP) e os principais produtores que n\u00e3o pertencem \u00e0 organiza\u00e7\u00e3o para reduzir a produ\u00e7\u00e3o n\u00e3o \u00e9 mais do que \u201cuma mera conjectura\u201d.<\/p>\n<p>O documento acrescenta que, apesar da cren\u00e7a de que a produ\u00e7\u00e3o n\u00e3o vai aumentar tanto em 2016 como em 2015, a produ\u00e7\u00e3o no Iraque atingiu um novo recorde em janeiro, com ind\u00edcios de que a Ar\u00e1bia Saudita aumentou as ordens de produ\u00e7\u00e3o e que no Ir\u00e3 tamb\u00e9m acelerou sua produ\u00e7\u00e3o, depois do levantamento das san\u00e7\u00f5es.<\/p>\n<p>A AIE tamb\u00e9m tem d\u00favidas sobre a possibilidade de a queda dos pre\u00e7os do petr\u00f3leo levar a um aumento da procura, estimando mesmo uma desacelera\u00e7\u00e3o do crescimento do consumo para este ano.<\/p>\n<p>O organismo alerta que o excedente da oferta face \u00e0 procura no in\u00edcio de 2016 ainda \u00e9 maior do que o previsto no relat\u00f3rio anterior. \u201cSe estes valores se confirmarem, num mercado inundado de petr\u00f3leo, \u00e9 dif\u00edcil perceber como \u00e9 que os pre\u00e7os de petr\u00f3leo poderiam aumentar significativamente a curto prazo\u201d, concluiu.<\/p>\n<p>Da Ag\u00eancia Lusa<br \/>\nEdi\u00e7\u00e3o: Luiz Fernando Fraga<br \/>\n10\/02\/2016<\/p>\n","protected":false},"excerpt":{"rendered":"<p>A Ag\u00eancia Internacional de Energia (AIE) rejeitou as previs\u00f5es que apontam para uma desacelera\u00e7\u00e3o da queda do pre\u00e7o do petr\u00f3leo, real\u00e7ando que n\u00e3o vislumbra um aumento dos pre\u00e7os a curto prazo. No seu relat\u00f3rio mensal sobre o mercado do petr\u00f3leo em fevereiro, a AIE desmontou as principais suposi\u00e7\u00f5es sobre o excesso da oferta global, que [&hellip;]<\/p>\n","protected":false},"author":2,"featured_media":57584,"comment_status":"open","ping_status":"closed","sticky":false,"template":"","format":"standard","meta":{"_genesis_hide_title":false,"_genesis_hide_breadcrumbs":false,"_genesis_hide_singular_image":false,"_genesis_hide_footer_widgets":false,"_genesis_custom_body_class":"","_genesis_custom_post_class":"","_genesis_layout":"","_jetpack_memberships_contains_paid_content":false,"footnotes":""},"categories":[22,7],"tags":[],"class_list":{"0":"post-80814","1":"post","2":"type-post","3":"status-publish","4":"format-standard","5":"has-post-thumbnail","7":"category-brasil","8":"category-economia","9":"entry","10":"gs-1","11":"gs-odd","12":"gs-even","13":"gs-featured-content-entry"},"jetpack_featured_media_url":"https:\/\/www.redenoticia.com.br\/noticia\/imagens\/economia-grafica-analise-inflacao.jpg","jetpack_sharing_enabled":true,"jetpack_likes_enabled":true,"_links":{"self":[{"href":"https:\/\/www.redenoticia.com.br\/noticia\/wp-json\/wp\/v2\/posts\/80814","targetHints":{"allow":["GET"]}}],"collection":[{"href":"https:\/\/www.redenoticia.com.br\/noticia\/wp-json\/wp\/v2\/posts"}],"about":[{"href":"https:\/\/www.redenoticia.com.br\/noticia\/wp-json\/wp\/v2\/types\/post"}],"author":[{"embeddable":true,"href":"https:\/\/www.redenoticia.com.br\/noticia\/wp-json\/wp\/v2\/users\/2"}],"replies":[{"embeddable":true,"href":"https:\/\/www.redenoticia.com.br\/noticia\/wp-json\/wp\/v2\/comments?post=80814"}],"version-history":[{"count":0,"href":"https:\/\/www.redenoticia.com.br\/noticia\/wp-json\/wp\/v2\/posts\/80814\/revisions"}],"wp:featuredmedia":[{"embeddable":true,"href":"https:\/\/www.redenoticia.com.br\/noticia\/wp-json\/wp\/v2\/media\/57584"}],"wp:attachment":[{"href":"https:\/\/www.redenoticia.com.br\/noticia\/wp-json\/wp\/v2\/media?parent=80814"}],"wp:term":[{"taxonomy":"category","embeddable":true,"href":"https:\/\/www.redenoticia.com.br\/noticia\/wp-json\/wp\/v2\/categories?post=80814"},{"taxonomy":"post_tag","embeddable":true,"href":"https:\/\/www.redenoticia.com.br\/noticia\/wp-json\/wp\/v2\/tags?post=80814"}],"curies":[{"name":"wp","href":"https:\/\/api.w.org\/{rel}","templated":true}]}}