{"id":80811,"date":"2016-02-10T10:24:28","date_gmt":"2016-02-10T12:24:28","guid":{"rendered":"http:\/\/www.redenoticia.com.br\/noticia\/?p=80811"},"modified":"2016-02-09T15:25:49","modified_gmt":"2016-02-09T17:25:49","slug":"expectativa-do-consumidor-ainda-indica-pessimismo","status":"publish","type":"post","link":"https:\/\/www.redenoticia.com.br\/noticia\/2016\/expectativa-do-consumidor-ainda-indica-pessimismo\/80811","title":{"rendered":"Expectativa do consumidor ainda indica pessimismo"},"content":{"rendered":"<p> O \u00cdndice Nacional de Expectativa do Consumidor (INEC) aumentou 2,4% em janeiro na compara\u00e7\u00e3o com dezembro de 2015. Mesmo assim, o \u00edndice, que alcan\u00e7ou 98,6 pontos, permanece indicando <strong><em>pessimismo dos consumidores<\/em><\/strong>, pois se mant\u00e9m 10% abaixo de sua m\u00e9dia hist\u00f3rica, segundo informou a Confedera\u00e7\u00e3o Nacional da Ind\u00fastria (CNI).<\/p>\n<p>Quanto maior o \u00edndice, maior o percentual de respostas positivas, ou seja, maior o percentual de consumidores esperando queda na infla\u00e7\u00e3o ou desemprego, aumento da renda pessoal, aumento das compras de bens de maior valor, com melhor situa\u00e7\u00e3o financeira ou menos endividado. O maior \u00edndice j\u00e1 registrado na s\u00e9rie hist\u00f3rica, iniciada em mar\u00e7o de 2001, foi em outubro de 2010, quando ficou em 120,70 pontos.<\/p>\n<p>Segundo a CNI, desde abril de 2015, o \u00edndice encontra-se relativamente est\u00e1vel, mantendo-se entre 96 e 100 pontos. \u201cA manuten\u00e7\u00e3o do pessimismo do consumidor indica perspectivas de continuidade de baixa demanda nos pr\u00f3ximos meses\u201d, diz a pesquisa.<\/p>\n<p>De acordo com o levantamento, a melhora da confian\u00e7a em janeiro \u00e9 resultado das perspectivas em rela\u00e7\u00e3o \u00e0 renda pessoal, ao endividamento e \u00e0 situa\u00e7\u00e3o financeira. O \u00edndice de expectativa sobre a renda pessoal cresceu 4,6%, o de endividamento subiu 4,6% e o de situa\u00e7\u00e3o financeira avan\u00e7ou 2,4% frente a dezembro.<\/p>\n<p>As perspectivas sobre a infla\u00e7\u00e3o e o emprego tamb\u00e9m melhoraram. O \u00edndice de expectativas em rela\u00e7\u00e3o infla\u00e7\u00e3o cresceu 2,5% e o de desemprego aumentou 5,2% frente a dezembro. Apenas o \u00edndice de expectativa de compras de maior valor caiu em janeiro: 1,1% em rela\u00e7\u00e3o a dezembro. Esse resultado \u00e9 normal nesta \u00e9poca, porque encerra-se o per\u00edodo de compras de maior valor, tradicionais no fim do ano, diz a CNI.<\/p>\n<p>A pesquisa, feita em parceria com o Ibope, ouviu 2.002 pessoas em 142 munic\u00edpios entre 16 e 20 de janeiro.<\/p>\n<p>Da Ag\u00eancia Brasil<br \/>\nEdi\u00e7\u00e3o: Denise Griesinger<br \/>\n10\/02\/2016<\/p>\n","protected":false},"excerpt":{"rendered":"<p>O \u00cdndice Nacional de Expectativa do Consumidor (INEC) aumentou 2,4% em janeiro na compara\u00e7\u00e3o com dezembro de 2015. Mesmo assim, o \u00edndice, que alcan\u00e7ou 98,6 pontos, permanece indicando pessimismo dos consumidores, pois se mant\u00e9m 10% abaixo de sua m\u00e9dia hist\u00f3rica, segundo informou a Confedera\u00e7\u00e3o Nacional da Ind\u00fastria (CNI). Quanto maior o \u00edndice, maior o percentual [&hellip;]<\/p>\n","protected":false},"author":2,"featured_media":57585,"comment_status":"open","ping_status":"closed","sticky":false,"template":"","format":"standard","meta":{"_genesis_hide_title":false,"_genesis_hide_breadcrumbs":false,"_genesis_hide_singular_image":false,"_genesis_hide_footer_widgets":false,"_genesis_custom_body_class":"","_genesis_custom_post_class":"","_genesis_layout":"","_jetpack_memberships_contains_paid_content":false,"footnotes":""},"categories":[22,7],"tags":[],"class_list":{"0":"post-80811","1":"post","2":"type-post","3":"status-publish","4":"format-standard","5":"has-post-thumbnail","7":"category-brasil","8":"category-economia","9":"entry","10":"gs-1","11":"gs-odd","12":"gs-even","13":"gs-featured-content-entry"},"jetpack_featured_media_url":"https:\/\/www.redenoticia.com.br\/noticia\/imagens\/analise-economia.jpg","jetpack_sharing_enabled":true,"jetpack_likes_enabled":true,"_links":{"self":[{"href":"https:\/\/www.redenoticia.com.br\/noticia\/wp-json\/wp\/v2\/posts\/80811","targetHints":{"allow":["GET"]}}],"collection":[{"href":"https:\/\/www.redenoticia.com.br\/noticia\/wp-json\/wp\/v2\/posts"}],"about":[{"href":"https:\/\/www.redenoticia.com.br\/noticia\/wp-json\/wp\/v2\/types\/post"}],"author":[{"embeddable":true,"href":"https:\/\/www.redenoticia.com.br\/noticia\/wp-json\/wp\/v2\/users\/2"}],"replies":[{"embeddable":true,"href":"https:\/\/www.redenoticia.com.br\/noticia\/wp-json\/wp\/v2\/comments?post=80811"}],"version-history":[{"count":0,"href":"https:\/\/www.redenoticia.com.br\/noticia\/wp-json\/wp\/v2\/posts\/80811\/revisions"}],"wp:featuredmedia":[{"embeddable":true,"href":"https:\/\/www.redenoticia.com.br\/noticia\/wp-json\/wp\/v2\/media\/57585"}],"wp:attachment":[{"href":"https:\/\/www.redenoticia.com.br\/noticia\/wp-json\/wp\/v2\/media?parent=80811"}],"wp:term":[{"taxonomy":"category","embeddable":true,"href":"https:\/\/www.redenoticia.com.br\/noticia\/wp-json\/wp\/v2\/categories?post=80811"},{"taxonomy":"post_tag","embeddable":true,"href":"https:\/\/www.redenoticia.com.br\/noticia\/wp-json\/wp\/v2\/tags?post=80811"}],"curies":[{"name":"wp","href":"https:\/\/api.w.org\/{rel}","templated":true}]}}