{"id":80804,"date":"2016-02-10T10:20:07","date_gmt":"2016-02-10T12:20:07","guid":{"rendered":"http:\/\/www.redenoticia.com.br\/noticia\/?p=80804"},"modified":"2016-02-09T15:22:50","modified_gmt":"2016-02-09T17:22:50","slug":"lei-que-cria-programa-de-combate-ao-bullying-comeca-a-valer-esta-semana","status":"publish","type":"post","link":"https:\/\/www.redenoticia.com.br\/noticia\/2016\/lei-que-cria-programa-de-combate-ao-bullying-comeca-a-valer-esta-semana\/80804","title":{"rendered":"Lei que cria programa de combate ao bullying come\u00e7a a valer esta semana"},"content":{"rendered":"<p> A partir desta semana, escolas, clubes e agremia\u00e7\u00f5es recreativas em todo o pa\u00eds dever\u00e3o desenvolver medidas de conscientiza\u00e7\u00e3o, preven\u00e7\u00e3o e combate ao <strong><em>bullying<\/em><\/strong>. A lei que institui o chamado Programa de Combate \u00e0 Intimida\u00e7\u00e3o Sistem\u00e1tica foi sancionada em novembro passado e prev\u00ea a realiza\u00e7\u00e3o de campanhas educativas, al\u00e9m de orienta\u00e7\u00e3o e assist\u00eancia psicol\u00f3gica, social e jur\u00eddica \u00e0s v\u00edtimas e aos agressores.<\/p>\n<p>O texto estabelece que os objetivos propostos pelo programa poder\u00e3o ser usados para fundamentar a\u00e7\u00f5es do Minist\u00e9rio da Educa\u00e7\u00e3o, das secretarias estaduais e municipais de educa\u00e7\u00e3o e tamb\u00e9m de outros \u00f3rg\u00e3os aos quais a mat\u00e9ria diz respeito. Entre as a\u00e7\u00f5es previstas est\u00e1 a capacita\u00e7\u00e3o de docentes e equipes pedag\u00f3gicas para a implementa\u00e7\u00e3o das a\u00e7\u00f5es de discuss\u00e3o, preven\u00e7\u00e3o, orienta\u00e7\u00e3o e solu\u00e7\u00e3o do problema.<\/p>\n<p>Ainda de acordo com a legisla\u00e7\u00e3o, a puni\u00e7\u00e3o aos agressores, em casos de bullying, deve ser evitada, tanto quanto poss\u00edvel, \u201cprivilegiando mecanismos e instrumentos alternativos que promovam a efetiva responsabiliza\u00e7\u00e3o e a mudan\u00e7a de comportamento hostil\u201d.<\/p>\n<p>O texto caracteriza o bullying como todo ato de viol\u00eancia f\u00edsica ou psicol\u00f3gica, intencional e repetitivo, que ocorre sem motiva\u00e7\u00e3o evidente, praticado por indiv\u00edduo ou grupo, contra uma ou mais pessoas, com o objetivo de intimid\u00e1-la ou agredi-la, causando dor e ang\u00fastia \u00e0 v\u00edtima em uma rela\u00e7\u00e3o de desequil\u00edbrio de poder entre as partes envolvidas.<\/p>\n<p>A previs\u00e3o \u00e9 que sejam produzidos e publicados relat\u00f3rios bimestrais das ocorr\u00eancias de bullying nos estados e munic\u00edpios para o planejamento das a\u00e7\u00f5es. Segundo a lei, os entes federados poder\u00e3o firmar conv\u00eanios e estabelecer parcerias para a implementa\u00e7\u00e3o e a correta execu\u00e7\u00e3o dos objetivos e diretrizes do programa.<\/p>\n<p>Paula Laboissi\u00e8re &#8211; Rep\u00f3rter da Ag\u00eancia Brasil<br \/>\nColaborou Yara Aquino<br \/>\nEdi\u00e7\u00e3o: Maria Claudia<br \/>\n10\/02\/2016<\/p>\n","protected":false},"excerpt":{"rendered":"<p>A partir desta semana, escolas, clubes e agremia\u00e7\u00f5es recreativas em todo o pa\u00eds dever\u00e3o desenvolver medidas de conscientiza\u00e7\u00e3o, preven\u00e7\u00e3o e combate ao bullying. A lei que institui o chamado Programa de Combate \u00e0 Intimida\u00e7\u00e3o Sistem\u00e1tica foi sancionada em novembro passado e prev\u00ea a realiza\u00e7\u00e3o de campanhas educativas, al\u00e9m de orienta\u00e7\u00e3o e assist\u00eancia psicol\u00f3gica, social e [&hellip;]<\/p>\n","protected":false},"author":2,"featured_media":38016,"comment_status":"open","ping_status":"closed","sticky":false,"template":"","format":"standard","meta":{"_genesis_hide_title":false,"_genesis_hide_breadcrumbs":false,"_genesis_hide_singular_image":false,"_genesis_hide_footer_widgets":false,"_genesis_custom_body_class":"","_genesis_custom_post_class":"","_genesis_layout":"","_jetpack_memberships_contains_paid_content":false,"footnotes":""},"categories":[22],"tags":[],"class_list":{"0":"post-80804","1":"post","2":"type-post","3":"status-publish","4":"format-standard","5":"has-post-thumbnail","7":"category-brasil","8":"entry","9":"gs-1","10":"gs-odd","11":"gs-even","12":"gs-featured-content-entry"},"jetpack_featured_media_url":"https:\/\/www.redenoticia.com.br\/noticia\/imagens\/img-comunidade-redenoticia.jpg","jetpack_sharing_enabled":true,"jetpack_likes_enabled":true,"_links":{"self":[{"href":"https:\/\/www.redenoticia.com.br\/noticia\/wp-json\/wp\/v2\/posts\/80804","targetHints":{"allow":["GET"]}}],"collection":[{"href":"https:\/\/www.redenoticia.com.br\/noticia\/wp-json\/wp\/v2\/posts"}],"about":[{"href":"https:\/\/www.redenoticia.com.br\/noticia\/wp-json\/wp\/v2\/types\/post"}],"author":[{"embeddable":true,"href":"https:\/\/www.redenoticia.com.br\/noticia\/wp-json\/wp\/v2\/users\/2"}],"replies":[{"embeddable":true,"href":"https:\/\/www.redenoticia.com.br\/noticia\/wp-json\/wp\/v2\/comments?post=80804"}],"version-history":[{"count":0,"href":"https:\/\/www.redenoticia.com.br\/noticia\/wp-json\/wp\/v2\/posts\/80804\/revisions"}],"wp:featuredmedia":[{"embeddable":true,"href":"https:\/\/www.redenoticia.com.br\/noticia\/wp-json\/wp\/v2\/media\/38016"}],"wp:attachment":[{"href":"https:\/\/www.redenoticia.com.br\/noticia\/wp-json\/wp\/v2\/media?parent=80804"}],"wp:term":[{"taxonomy":"category","embeddable":true,"href":"https:\/\/www.redenoticia.com.br\/noticia\/wp-json\/wp\/v2\/categories?post=80804"},{"taxonomy":"post_tag","embeddable":true,"href":"https:\/\/www.redenoticia.com.br\/noticia\/wp-json\/wp\/v2\/tags?post=80804"}],"curies":[{"name":"wp","href":"https:\/\/api.w.org\/{rel}","templated":true}]}}