{"id":80658,"date":"2016-02-05T10:32:21","date_gmt":"2016-02-05T12:32:21","guid":{"rendered":"http:\/\/www.redenoticia.com.br\/noticia\/?p=80658"},"modified":"2016-02-04T16:33:55","modified_gmt":"2016-02-04T18:33:55","slug":"movimento-no-comercio-tem-maior-queda-anual-dos-ultimos-13-anos","status":"publish","type":"post","link":"https:\/\/www.redenoticia.com.br\/noticia\/2016\/movimento-no-comercio-tem-maior-queda-anual-dos-ultimos-13-anos\/80658","title":{"rendered":"Movimento no com\u00e9rcio tem maior queda anual dos \u00faltimos 13 anos"},"content":{"rendered":"<p> O <strong><em>movimento dos consumidores<\/em><\/strong> nas lojas de todo o pa\u00eds caiu 9,6% em janeiro, na compara\u00e7\u00e3o com o mesmo per\u00edodo do ano passado, e 1,1% sobre dezembro de 2015. De acordo com a pesquisa Indicador Serasa Experian de Atividade do Com\u00e9rcio, a queda foi a maior j\u00e1 registrada no com\u00e9rcio varejista, desde desde abril de 2002, quando houve retra\u00e7\u00e3o de 11,2% sobre o mesmo m\u00eas de 2001.<\/p>\n<p>Os economistas da Serasa Experian atribu\u00edram essa retra\u00e7\u00e3o \u00e0s proje\u00e7\u00f5es de desaquecimento na economia. \u201cJuros altos, desemprego em ascens\u00e3o e infla\u00e7\u00e3o elevada, que afetaram negativamente o com\u00e9rcio no ano passado, ainda continuar\u00e3o presentes em boa parte do ano de 2016\u201d, justificaram eles.<\/p>\n<p>Na compara\u00e7\u00e3o de janeiro deste ano com o mesmo m\u00eas do ano passado, apenas o segmento de combust\u00edveis e lubrificantes apresentou avan\u00e7o, com crescimento de 3,8%. No setor de ve\u00edculos, motos e pe\u00e7as foi constatada queda de (-20,4%) e nos demais setores foram registradas as seguintes oscila\u00e7\u00f5es: tecidos, vestu\u00e1rio, cal\u00e7ados e acess\u00f3rios (-15,3%); m\u00f3veis, eletroeletr\u00f4nicos e equipamentos de inform\u00e1tica (-13,1%); supermercados, hipermercados, alimentos e bebidas (-6,7%) e material de constru\u00e7\u00e3o (-2,4%).<\/p>\n<p>Na compara\u00e7\u00e3o com dezembro passado, tr\u00eas setores apresentaram alta: ve\u00edculos, motos e pe\u00e7as (3%); m\u00f3veis, eletroeletr\u00f4nicos e equipamentos de inform\u00e1tica (3,9%) e material de constru\u00e7\u00e3o (4,3%). Nos demais, ocorreram redu\u00e7\u00e3o: supermercados, hipermercados, alimentos e bebidas (-1%); combust\u00edveis e lubrificantes (-0,2%) e tecidos, vestu\u00e1rio, cal\u00e7ados e acess\u00f3rios (-0,4%).<\/p>\n<p>Marli Moreira \u2013 Rep\u00f3rter da Ag\u00eancia Brasil<br \/>\nEdi\u00e7\u00e3o: Denise Griesinger<br \/>\n05\/02\/2016<\/p>\n","protected":false},"excerpt":{"rendered":"<p>O movimento dos consumidores nas lojas de todo o pa\u00eds caiu 9,6% em janeiro, na compara\u00e7\u00e3o com o mesmo per\u00edodo do ano passado, e 1,1% sobre dezembro de 2015. De acordo com a pesquisa Indicador Serasa Experian de Atividade do Com\u00e9rcio, a queda foi a maior j\u00e1 registrada no com\u00e9rcio varejista, desde desde abril de [&hellip;]<\/p>\n","protected":false},"author":2,"featured_media":57585,"comment_status":"open","ping_status":"closed","sticky":false,"template":"","format":"standard","meta":{"_genesis_hide_title":false,"_genesis_hide_breadcrumbs":false,"_genesis_hide_singular_image":false,"_genesis_hide_footer_widgets":false,"_genesis_custom_body_class":"","_genesis_custom_post_class":"","_genesis_layout":"","_jetpack_memberships_contains_paid_content":false,"footnotes":""},"categories":[22,7],"tags":[],"class_list":{"0":"post-80658","1":"post","2":"type-post","3":"status-publish","4":"format-standard","5":"has-post-thumbnail","7":"category-brasil","8":"category-economia","9":"entry","10":"gs-1","11":"gs-odd","12":"gs-even","13":"gs-featured-content-entry"},"jetpack_featured_media_url":"https:\/\/www.redenoticia.com.br\/noticia\/imagens\/analise-economia.jpg","jetpack_sharing_enabled":true,"jetpack_likes_enabled":true,"_links":{"self":[{"href":"https:\/\/www.redenoticia.com.br\/noticia\/wp-json\/wp\/v2\/posts\/80658","targetHints":{"allow":["GET"]}}],"collection":[{"href":"https:\/\/www.redenoticia.com.br\/noticia\/wp-json\/wp\/v2\/posts"}],"about":[{"href":"https:\/\/www.redenoticia.com.br\/noticia\/wp-json\/wp\/v2\/types\/post"}],"author":[{"embeddable":true,"href":"https:\/\/www.redenoticia.com.br\/noticia\/wp-json\/wp\/v2\/users\/2"}],"replies":[{"embeddable":true,"href":"https:\/\/www.redenoticia.com.br\/noticia\/wp-json\/wp\/v2\/comments?post=80658"}],"version-history":[{"count":0,"href":"https:\/\/www.redenoticia.com.br\/noticia\/wp-json\/wp\/v2\/posts\/80658\/revisions"}],"wp:featuredmedia":[{"embeddable":true,"href":"https:\/\/www.redenoticia.com.br\/noticia\/wp-json\/wp\/v2\/media\/57585"}],"wp:attachment":[{"href":"https:\/\/www.redenoticia.com.br\/noticia\/wp-json\/wp\/v2\/media?parent=80658"}],"wp:term":[{"taxonomy":"category","embeddable":true,"href":"https:\/\/www.redenoticia.com.br\/noticia\/wp-json\/wp\/v2\/categories?post=80658"},{"taxonomy":"post_tag","embeddable":true,"href":"https:\/\/www.redenoticia.com.br\/noticia\/wp-json\/wp\/v2\/tags?post=80658"}],"curies":[{"name":"wp","href":"https:\/\/api.w.org\/{rel}","templated":true}]}}