{"id":80656,"date":"2016-02-05T10:30:29","date_gmt":"2016-02-05T12:30:29","guid":{"rendered":"http:\/\/www.redenoticia.com.br\/noticia\/?p=80656"},"modified":"2016-02-04T16:31:59","modified_gmt":"2016-02-04T18:31:59","slug":"varejistas-pedem-reformas-tributaria-e-trabalhista-para-destravar-economia","status":"publish","type":"post","link":"https:\/\/www.redenoticia.com.br\/noticia\/2016\/varejistas-pedem-reformas-tributaria-e-trabalhista-para-destravar-economia\/80656","title":{"rendered":"Varejistas pedem reformas tribut\u00e1ria e trabalhista para destravar economia"},"content":{"rendered":"<p>Empres\u00e1rios do Instituto para Desenvolvimento do Varejo (IDV) pediram ao ministro da Fazenda, Nelson Barbosa, que o governo se empenhe em aprovar medidas que reduzam a burocracia e melhorem a competitividade do pa\u00eds para destravar a economia. Entre as a\u00e7\u00f5es sugeridas est\u00e3o a <strong><em>simplifica\u00e7\u00e3o de tributos e a reforma trabalhista<\/em><\/strong>, que flexibilize os direitos dos empregados.<\/p>\n<p>Segundo Jos\u00e9 Gall\u00f3, um dos conselheiros do IDV e presidente executivo da cadeia de lojas Renner, a conclus\u00e3o de reformas microecon\u00f4micas ajudar\u00e1 a melhorar o ambiente de neg\u00f3cios enquanto a economia n\u00e3o volta a crescer.<\/p>\n<p>Ele defendeu a retomada de discuss\u00f5es interrompidas no fim do ano passado, entre elas a unifica\u00e7\u00e3o das al\u00edquotas interestaduais do Imposto sobre a Circula\u00e7\u00e3o de Mercadorias e Servi\u00e7os (ICMS) e a simplifica\u00e7\u00e3o do Programa de Integra\u00e7\u00e3o Social (PIS) e da Contribui\u00e7\u00e3o para o Financiamento da Seguridade Social (Cofins).<\/p>\n<p>\u201cEstamos numa situa\u00e7\u00e3o em que temos de dar uma destravada na economia. Na esteira das medidas que levam mais tempo, t\u00eam certas coisas que podem ser adotadas mais rapidamente, como a simplifica\u00e7\u00e3o do ICMS, do PIS\/Cofins e uma certa simplifica\u00e7\u00e3o na legisla\u00e7\u00e3o trabalhista\u201d, informou Gall\u00f3 ao sair de encontro de uma hora com Barbosa.<\/p>\n<p>Em rela\u00e7\u00e3o \u00e0 reforma trabalhista, o conselheiro do IDV n\u00e3o detalhou as sugest\u00f5es da entidade para a \u00e1rea. Disse apenas que pretende reduzir a burocracia na contrata\u00e7\u00e3o de empregados. \u201cDe burocracia, n\u00f3s estamos cheios. O neg\u00f3cio agora \u00e9 agilidade, rapidez e simplifica\u00e7\u00e3o.\u201d<\/p>\n<p>Sobre o pacote de R$ 83 bilh\u00f5es de est\u00edmulo ao cr\u00e9dito anunciado semana passada pelo governo, Gall\u00f3 disse que qualquer medida que impulsione o cr\u00e9dito \u00e9 boa para a economia e deve ajudar principalmente a ind\u00fastria. Segundo ele, existem d\u00favidas se haver\u00e1 demanda para contrata\u00e7\u00e3o de tanto cr\u00e9dito num cen\u00e1rio de queda na renda e de juros altos.<\/p>\n<p>\u201cO cr\u00e9dito, talvez at\u00e9 de certa forma, vai beneficiar mais a ind\u00fastria do que a gente. Colocou-se cr\u00e9dito \u00e0 disposi\u00e7\u00e3o. Agora, para que esse cr\u00e9dito seja tomado o mais importante \u00e9 a [recupera\u00e7\u00e3o da] confian\u00e7a. Hoje, o que segura a economia n\u00e3o \u00e9 a falta de cr\u00e9dito, mas a falta de confian\u00e7a do consumidor\u201d, concluiu.<\/p>\n<p>Wellton M\u00e1ximo \u2013 Rep\u00f3rter da Ag\u00eancia Brasil<br \/>\nEdi\u00e7\u00e3o: Armando Cardoso<br \/>\n05\/02\/2016<\/p>\n","protected":false},"excerpt":{"rendered":"<p>Empres\u00e1rios do Instituto para Desenvolvimento do Varejo (IDV) pediram ao ministro da Fazenda, Nelson Barbosa, que o governo se empenhe em aprovar medidas que reduzam a burocracia e melhorem a competitividade do pa\u00eds para destravar a economia. Entre as a\u00e7\u00f5es sugeridas est\u00e3o a simplifica\u00e7\u00e3o de tributos e a reforma trabalhista, que flexibilize os direitos dos [&hellip;]<\/p>\n","protected":false},"author":2,"featured_media":57583,"comment_status":"open","ping_status":"closed","sticky":false,"template":"","format":"standard","meta":{"_genesis_hide_title":false,"_genesis_hide_breadcrumbs":false,"_genesis_hide_singular_image":false,"_genesis_hide_footer_widgets":false,"_genesis_custom_body_class":"","_genesis_custom_post_class":"","_genesis_layout":"","_jetpack_memberships_contains_paid_content":false,"footnotes":""},"categories":[22,7],"tags":[],"class_list":{"0":"post-80656","1":"post","2":"type-post","3":"status-publish","4":"format-standard","5":"has-post-thumbnail","7":"category-brasil","8":"category-economia","9":"entry","10":"gs-1","11":"gs-odd","12":"gs-even","13":"gs-featured-content-entry"},"jetpack_featured_media_url":"https:\/\/www.redenoticia.com.br\/noticia\/imagens\/economia-grafico.jpg","jetpack_sharing_enabled":true,"jetpack_likes_enabled":true,"_links":{"self":[{"href":"https:\/\/www.redenoticia.com.br\/noticia\/wp-json\/wp\/v2\/posts\/80656","targetHints":{"allow":["GET"]}}],"collection":[{"href":"https:\/\/www.redenoticia.com.br\/noticia\/wp-json\/wp\/v2\/posts"}],"about":[{"href":"https:\/\/www.redenoticia.com.br\/noticia\/wp-json\/wp\/v2\/types\/post"}],"author":[{"embeddable":true,"href":"https:\/\/www.redenoticia.com.br\/noticia\/wp-json\/wp\/v2\/users\/2"}],"replies":[{"embeddable":true,"href":"https:\/\/www.redenoticia.com.br\/noticia\/wp-json\/wp\/v2\/comments?post=80656"}],"version-history":[{"count":0,"href":"https:\/\/www.redenoticia.com.br\/noticia\/wp-json\/wp\/v2\/posts\/80656\/revisions"}],"wp:featuredmedia":[{"embeddable":true,"href":"https:\/\/www.redenoticia.com.br\/noticia\/wp-json\/wp\/v2\/media\/57583"}],"wp:attachment":[{"href":"https:\/\/www.redenoticia.com.br\/noticia\/wp-json\/wp\/v2\/media?parent=80656"}],"wp:term":[{"taxonomy":"category","embeddable":true,"href":"https:\/\/www.redenoticia.com.br\/noticia\/wp-json\/wp\/v2\/categories?post=80656"},{"taxonomy":"post_tag","embeddable":true,"href":"https:\/\/www.redenoticia.com.br\/noticia\/wp-json\/wp\/v2\/tags?post=80656"}],"curies":[{"name":"wp","href":"https:\/\/api.w.org\/{rel}","templated":true}]}}