{"id":80654,"date":"2016-02-05T10:28:25","date_gmt":"2016-02-05T12:28:25","guid":{"rendered":"http:\/\/www.redenoticia.com.br\/noticia\/?p=80654"},"modified":"2016-02-04T16:30:21","modified_gmt":"2016-02-04T18:30:21","slug":"receita-abre-na-quinta-feira-11-consulta-a-lote-da-malha-fina-do-imposto-de-renda","status":"publish","type":"post","link":"https:\/\/www.redenoticia.com.br\/noticia\/2016\/receita-abre-na-quinta-feira-11-consulta-a-lote-da-malha-fina-do-imposto-de-renda\/80654","title":{"rendered":"Receita abre na quinta-feira (11) consulta a lote da malha fina do Imposto de Renda"},"content":{"rendered":"<p> Cerca de 63,9 mil contribuintes que estavam na malha fina do Imposto de Renda v\u00e3o acertar as contas com o Fisco na pr\u00f3xima semana. A Receita Federal abre na quinta-feira (11) consulta ao lote residual de <strong><em>restitui\u00e7\u00e3o do Imposto de Renda<\/em><\/strong> Pessoa F\u00edsica. Ao todo, ser\u00e3o desembolsados R$ 150 milh\u00f5es para declara\u00e7\u00f5es de 2008 a 2015.<\/p>\n<p>A lista com os nomes estar\u00e1 dispon\u00edvel a partir das 9h do dia 11 no site da Receita na internet. A consulta tamb\u00e9m pode ser feita pelo Receitafone, no n\u00famero 146. A Receita oferece ainda aplicativo para tablets e smartphones, que permite o acompanhamento das restitui\u00e7\u00f5es.<\/p>\n<p>As restitui\u00e7\u00f5es ter\u00e3o corre\u00e7\u00e3o de 10,85% (lote de 2015) a 79,35% (lote de 2008). Em todos os casos, os \u00edndices t\u00eam como base a taxa Selic (juros b\u00e1sicos da economia) acumulada entre a entrega da declara\u00e7\u00e3o at\u00e9 este m\u00eas.<\/p>\n<p>O dinheiro ser\u00e1 depositado nas contas informadas na declara\u00e7\u00e3o no pr\u00f3ximo dia 15. O contribuinte que n\u00e3o receber a restitui\u00e7\u00e3o dever\u00e1 ir a qualquer ag\u00eancia do Banco do Brasil ou ligar para os telefones 4004-0001 (capitais), 0800-729-0001 (demais localidades) e 0800-729-0088 (telefone especial exclusivo para deficientes auditivos) para ter acesso ao pagamento.<\/p>\n<p>Wellton M\u00e1ximo \u2013 Rep\u00f3rter da Ag\u00eancia Brasil<br \/>\nEdi\u00e7\u00e3o: Armando Cardoso<br \/>\n05\/02\/2016<\/p>\n","protected":false},"excerpt":{"rendered":"<p>Cerca de 63,9 mil contribuintes que estavam na malha fina do Imposto de Renda v\u00e3o acertar as contas com o Fisco na pr\u00f3xima semana. A Receita Federal abre na quinta-feira (11) consulta ao lote residual de restitui\u00e7\u00e3o do Imposto de Renda Pessoa F\u00edsica. Ao todo, ser\u00e3o desembolsados R$ 150 milh\u00f5es para declara\u00e7\u00f5es de 2008 a [&hellip;]<\/p>\n","protected":false},"author":2,"featured_media":23889,"comment_status":"open","ping_status":"closed","sticky":false,"template":"","format":"standard","meta":{"_genesis_hide_title":false,"_genesis_hide_breadcrumbs":false,"_genesis_hide_singular_image":false,"_genesis_hide_footer_widgets":false,"_genesis_custom_body_class":"","_genesis_custom_post_class":"","_genesis_layout":"","_jetpack_memberships_contains_paid_content":false,"footnotes":""},"categories":[22,7],"tags":[],"class_list":{"0":"post-80654","1":"post","2":"type-post","3":"status-publish","4":"format-standard","5":"has-post-thumbnail","7":"category-brasil","8":"category-economia","9":"entry","10":"gs-1","11":"gs-odd","12":"gs-even","13":"gs-featured-content-entry"},"jetpack_featured_media_url":"https:\/\/www.redenoticia.com.br\/noticia\/imagens\/receita-federal-irpf-2010.jpg","jetpack_sharing_enabled":true,"jetpack_likes_enabled":true,"_links":{"self":[{"href":"https:\/\/www.redenoticia.com.br\/noticia\/wp-json\/wp\/v2\/posts\/80654","targetHints":{"allow":["GET"]}}],"collection":[{"href":"https:\/\/www.redenoticia.com.br\/noticia\/wp-json\/wp\/v2\/posts"}],"about":[{"href":"https:\/\/www.redenoticia.com.br\/noticia\/wp-json\/wp\/v2\/types\/post"}],"author":[{"embeddable":true,"href":"https:\/\/www.redenoticia.com.br\/noticia\/wp-json\/wp\/v2\/users\/2"}],"replies":[{"embeddable":true,"href":"https:\/\/www.redenoticia.com.br\/noticia\/wp-json\/wp\/v2\/comments?post=80654"}],"version-history":[{"count":0,"href":"https:\/\/www.redenoticia.com.br\/noticia\/wp-json\/wp\/v2\/posts\/80654\/revisions"}],"wp:featuredmedia":[{"embeddable":true,"href":"https:\/\/www.redenoticia.com.br\/noticia\/wp-json\/wp\/v2\/media\/23889"}],"wp:attachment":[{"href":"https:\/\/www.redenoticia.com.br\/noticia\/wp-json\/wp\/v2\/media?parent=80654"}],"wp:term":[{"taxonomy":"category","embeddable":true,"href":"https:\/\/www.redenoticia.com.br\/noticia\/wp-json\/wp\/v2\/categories?post=80654"},{"taxonomy":"post_tag","embeddable":true,"href":"https:\/\/www.redenoticia.com.br\/noticia\/wp-json\/wp\/v2\/tags?post=80654"}],"curies":[{"name":"wp","href":"https:\/\/api.w.org\/{rel}","templated":true}]}}