{"id":80607,"date":"2016-02-04T10:29:18","date_gmt":"2016-02-04T12:29:18","guid":{"rendered":"http:\/\/www.redenoticia.com.br\/noticia\/?p=80607"},"modified":"2016-02-03T21:30:27","modified_gmt":"2016-02-03T23:30:27","slug":"moodys-avalia-perspectivas-da-economia-brasileira","status":"publish","type":"post","link":"https:\/\/www.redenoticia.com.br\/noticia\/2016\/moodys-avalia-perspectivas-da-economia-brasileira\/80607","title":{"rendered":"Moody\u2019s avalia perspectivas da economia brasileira"},"content":{"rendered":"<p> Representantes da ag\u00eancia de classifica\u00e7\u00e3o de riscos <strong><em>Moody\u2019s<\/em><\/strong> se reuniram com o ministro da Fazenda, Nelson Barbosa, por cerca de duas horas. Eles deixaram o minist\u00e9rio sem falar com a imprensa.<\/p>\n<p>A Moody&#8217;s \u00e9 a \u00fanica entre as tr\u00eas maiores ag\u00eancias a manter o Brasil com o grau de investimento. As outras duas s\u00e3o a Standard &#038; Poor&#8217;s e a Fitch, que rebaixaram o pa\u00eds no ano passado.<\/p>\n<p>Os t\u00e9cnicos da Moody&#8217;s tamb\u00e9m conversaram com presidente do Banco Central, Alexandre Tombini. Segundo o banco, os t\u00e9cnicos verificaram os n\u00fameros da economia brasileira e as perspectivas para o futuro.<\/p>\n<p>A Moody\u2019s avalia o Brasil como Baa3, \u00faltimo patamar na escala de grau de investimento da ag\u00eancia, mas que indica que o pa\u00eds n\u00e3o corre o risco de dar calote na d\u00edvida. Entre as principais ag\u00eancias de classifica\u00e7\u00e3o do mundo, somente a Moody&#8217;s mant\u00e9m o Brasil com grau de investimento.<\/p>\n<p>Para receber recursos de investidores internacionais, como fundos de pens\u00e3o estrangeiros, um pa\u00eds precisa receber a classifica\u00e7\u00e3o de grau de investimento de, pelo menos, duas ag\u00eancias. Em setembro, a Standard &#038; Poor&#8217;s rebaixou o Brasil. A Fitch seguiu a decis\u00e3o e retirou o selo de bom pagador em dezembro do ano passado.<\/p>\n<p>De acordo com o Tesouro Nacional, a classifica\u00e7\u00e3o de risco \u00e9 uma nota atribu\u00edda a um pa\u00eds emissor de d\u00edvida por institui\u00e7\u00e3o especializada na an\u00e1lise de cr\u00e9dito, que avalia a capacidade e a disposi\u00e7\u00e3o de um pa\u00eds honrar, pontual e integralmente, uma d\u00edvida.<\/p>\n<p>O rating, destaca o Tesouro, \u00e9 um instrumento relevante para os investidores, uma vez que fornece uma opini\u00e3o independente a respeito do risco de cr\u00e9dito da d\u00edvida. <\/p>\n<p>Da Ag\u00eancia Brasil<br \/>\nEdi\u00e7\u00e3o: Beto Coura<br \/>\n04\/02\/2016<\/p>\n","protected":false},"excerpt":{"rendered":"<p>Representantes da ag\u00eancia de classifica\u00e7\u00e3o de riscos Moody\u2019s se reuniram com o ministro da Fazenda, Nelson Barbosa, por cerca de duas horas. Eles deixaram o minist\u00e9rio sem falar com a imprensa. A Moody&#8217;s \u00e9 a \u00fanica entre as tr\u00eas maiores ag\u00eancias a manter o Brasil com o grau de investimento. As outras duas s\u00e3o a [&hellip;]<\/p>\n","protected":false},"author":2,"featured_media":38938,"comment_status":"open","ping_status":"closed","sticky":false,"template":"","format":"standard","meta":{"_genesis_hide_title":false,"_genesis_hide_breadcrumbs":false,"_genesis_hide_singular_image":false,"_genesis_hide_footer_widgets":false,"_genesis_custom_body_class":"","_genesis_custom_post_class":"","_genesis_layout":"","_jetpack_memberships_contains_paid_content":false,"footnotes":""},"categories":[22,7],"tags":[],"class_list":{"0":"post-80607","1":"post","2":"type-post","3":"status-publish","4":"format-standard","5":"has-post-thumbnail","7":"category-brasil","8":"category-economia","9":"entry","10":"gs-1","11":"gs-odd","12":"gs-even","13":"gs-featured-content-entry"},"jetpack_featured_media_url":"https:\/\/www.redenoticia.com.br\/noticia\/imagens\/economia1.jpg","jetpack_sharing_enabled":true,"jetpack_likes_enabled":true,"_links":{"self":[{"href":"https:\/\/www.redenoticia.com.br\/noticia\/wp-json\/wp\/v2\/posts\/80607","targetHints":{"allow":["GET"]}}],"collection":[{"href":"https:\/\/www.redenoticia.com.br\/noticia\/wp-json\/wp\/v2\/posts"}],"about":[{"href":"https:\/\/www.redenoticia.com.br\/noticia\/wp-json\/wp\/v2\/types\/post"}],"author":[{"embeddable":true,"href":"https:\/\/www.redenoticia.com.br\/noticia\/wp-json\/wp\/v2\/users\/2"}],"replies":[{"embeddable":true,"href":"https:\/\/www.redenoticia.com.br\/noticia\/wp-json\/wp\/v2\/comments?post=80607"}],"version-history":[{"count":0,"href":"https:\/\/www.redenoticia.com.br\/noticia\/wp-json\/wp\/v2\/posts\/80607\/revisions"}],"wp:featuredmedia":[{"embeddable":true,"href":"https:\/\/www.redenoticia.com.br\/noticia\/wp-json\/wp\/v2\/media\/38938"}],"wp:attachment":[{"href":"https:\/\/www.redenoticia.com.br\/noticia\/wp-json\/wp\/v2\/media?parent=80607"}],"wp:term":[{"taxonomy":"category","embeddable":true,"href":"https:\/\/www.redenoticia.com.br\/noticia\/wp-json\/wp\/v2\/categories?post=80607"},{"taxonomy":"post_tag","embeddable":true,"href":"https:\/\/www.redenoticia.com.br\/noticia\/wp-json\/wp\/v2\/tags?post=80607"}],"curies":[{"name":"wp","href":"https:\/\/api.w.org\/{rel}","templated":true}]}}