{"id":80605,"date":"2016-02-04T10:27:49","date_gmt":"2016-02-04T12:27:49","guid":{"rendered":"http:\/\/www.redenoticia.com.br\/noticia\/?p=80605"},"modified":"2016-02-03T21:29:05","modified_gmt":"2016-02-03T23:29:05","slug":"pesquisa-indica-que-menos-municipios-apoiarao-o-carnaval-de-2016","status":"publish","type":"post","link":"https:\/\/www.redenoticia.com.br\/noticia\/2016\/pesquisa-indica-que-menos-municipios-apoiarao-o-carnaval-de-2016\/80605","title":{"rendered":"Pesquisa indica que menos munic\u00edpios apoiar\u00e3o o carnaval de 2016"},"content":{"rendered":"<p> Uma pesquisa da Confedera\u00e7\u00e3o Nacional de Munic\u00edpios (CNM) mostrou uma redu\u00e7\u00e3o no n\u00famero de munic\u00edpios que pretendem dar algum apoio \u00e0s festas de <strong><em>carnaval<\/em><\/strong>. O estudo indica que, at\u00e9 o ano passado, 56% dos munic\u00edpios tinham costume de apoiar o carnaval. De acordo com os dados, esse percentual caiu para 31,6% em 2016.<\/p>\n<p>Segundo a pesquisa, 64,9% das prefeituras n\u00e3o investir\u00e3o no carnaval deste ano. A justificativa da maioria \u00e9 a falta de recursos para aplicar na festa. Outros prefeitos alegam que utilizar\u00e3o o dinheiro em outras \u00e1reas, como sa\u00fade, educa\u00e7\u00e3o e infraestrutura.<\/p>\n<p>\u201cCom o cen\u00e1rio da economia brasileira de incerteza ao longo do ano [&#8230;] h\u00e1 uma apreens\u00e3o generalizada dos agentes econ\u00f4micos. Tudo isso justifica a queda na atividade econ\u00f4mica, bem como na arrecada\u00e7\u00e3o de tributos e constante cautela dos gestores p\u00fablicos na hora de gerar despesa aos seus munic\u00edpios. Diante desse cen\u00e1rio, muitos governos locais retiraram o apoio ao carnaval deste ano\u201d, informou a pesquisa. <\/p>\n<p>Ainda segundo o estudo, 43,7% dos munic\u00edpios j\u00e1 tinham o h\u00e1bito de n\u00e3o apoiar o carnaval em anos anteriores. Grande parte deles tem uma popula\u00e7\u00e3o pequena, de at\u00e9 50 mil habitantes. Para a CNM, a explica\u00e7\u00e3o est\u00e1 na depend\u00eancia \u201cquase total\u201d que os pequenos munic\u00edpios t\u00eam do repasse do Fundo de Participa\u00e7\u00e3o dos Munic\u00edpios (FPM).<\/p>\n<p>A pesquisa ouviu 2.903 munic\u00edpios (52,1% do total de munic\u00edpios do pa\u00eds) de todas as regi\u00f5es entre 19 e 28 de janeiro. Os que confirmaram apoio ao carnaval explicaram que podem participar cedendo infraestrutura, seguran\u00e7a ou injetando verba na festa.<\/p>\n<p>O apoio financeiro ser\u00e1 feito por 68% desses munic\u00edpios. O gasto m\u00e9dio ser\u00e1 de R$ 129 mil, correspondente a 81% do valor investido em 2015. \u201cAinda assim, existem munic\u00edpios que apostam no carnaval para aumentar o turismo na regi\u00e3o e, por isso, contribuir\u00e3o com os festejos do carnaval deste ano\u201d, concluiu o estudo.<\/p>\n<p> Marcelo Brand\u00e3o &#8211; Rep\u00f3rter da Ag\u00eancia Brasil<br \/>\nEdi\u00e7\u00e3o: Armando Cardoso<br \/>\n04\/02\/2016<\/p>\n","protected":false},"excerpt":{"rendered":"<p>Uma pesquisa da Confedera\u00e7\u00e3o Nacional de Munic\u00edpios (CNM) mostrou uma redu\u00e7\u00e3o no n\u00famero de munic\u00edpios que pretendem dar algum apoio \u00e0s festas de carnaval. O estudo indica que, at\u00e9 o ano passado, 56% dos munic\u00edpios tinham costume de apoiar o carnaval. De acordo com os dados, esse percentual caiu para 31,6% em 2016. Segundo a [&hellip;]<\/p>\n","protected":false},"author":2,"featured_media":38085,"comment_status":"open","ping_status":"closed","sticky":false,"template":"","format":"standard","meta":{"_genesis_hide_title":false,"_genesis_hide_breadcrumbs":false,"_genesis_hide_singular_image":false,"_genesis_hide_footer_widgets":false,"_genesis_custom_body_class":"","_genesis_custom_post_class":"","_genesis_layout":"","_jetpack_memberships_contains_paid_content":false,"footnotes":""},"categories":[22],"tags":[],"class_list":{"0":"post-80605","1":"post","2":"type-post","3":"status-publish","4":"format-standard","5":"has-post-thumbnail","7":"category-brasil","8":"entry","9":"gs-1","10":"gs-odd","11":"gs-even","12":"gs-featured-content-entry"},"jetpack_featured_media_url":"https:\/\/www.redenoticia.com.br\/noticia\/imagens\/carnaval.jpg","jetpack_sharing_enabled":true,"jetpack_likes_enabled":true,"_links":{"self":[{"href":"https:\/\/www.redenoticia.com.br\/noticia\/wp-json\/wp\/v2\/posts\/80605","targetHints":{"allow":["GET"]}}],"collection":[{"href":"https:\/\/www.redenoticia.com.br\/noticia\/wp-json\/wp\/v2\/posts"}],"about":[{"href":"https:\/\/www.redenoticia.com.br\/noticia\/wp-json\/wp\/v2\/types\/post"}],"author":[{"embeddable":true,"href":"https:\/\/www.redenoticia.com.br\/noticia\/wp-json\/wp\/v2\/users\/2"}],"replies":[{"embeddable":true,"href":"https:\/\/www.redenoticia.com.br\/noticia\/wp-json\/wp\/v2\/comments?post=80605"}],"version-history":[{"count":0,"href":"https:\/\/www.redenoticia.com.br\/noticia\/wp-json\/wp\/v2\/posts\/80605\/revisions"}],"wp:featuredmedia":[{"embeddable":true,"href":"https:\/\/www.redenoticia.com.br\/noticia\/wp-json\/wp\/v2\/media\/38085"}],"wp:attachment":[{"href":"https:\/\/www.redenoticia.com.br\/noticia\/wp-json\/wp\/v2\/media?parent=80605"}],"wp:term":[{"taxonomy":"category","embeddable":true,"href":"https:\/\/www.redenoticia.com.br\/noticia\/wp-json\/wp\/v2\/categories?post=80605"},{"taxonomy":"post_tag","embeddable":true,"href":"https:\/\/www.redenoticia.com.br\/noticia\/wp-json\/wp\/v2\/tags?post=80605"}],"curies":[{"name":"wp","href":"https:\/\/api.w.org\/{rel}","templated":true}]}}