{"id":80499,"date":"2016-02-02T10:18:14","date_gmt":"2016-02-02T12:18:14","guid":{"rendered":"http:\/\/www.redenoticia.com.br\/noticia\/?p=80499"},"modified":"2016-02-01T18:09:14","modified_gmt":"2016-02-01T20:09:14","slug":"projecao-de-inflacao-este-ano-sobe-para-726","status":"publish","type":"post","link":"https:\/\/www.redenoticia.com.br\/noticia\/2016\/projecao-de-inflacao-este-ano-sobe-para-726\/80499","title":{"rendered":"Proje\u00e7\u00e3o de infla\u00e7\u00e3o este ano sobe para 7,26%"},"content":{"rendered":"<p> A proje\u00e7\u00e3o de institui\u00e7\u00f5es financeiras para a <strong><em>infla\u00e7\u00e3o<\/em><\/strong> este ano continua a subir. No quinto ajuste seguido, a proje\u00e7\u00e3o para o \u00cdndice Nacional de Pre\u00e7os ao Consumidor Amplo (IPCA) passou de 7,23% para 7,26%. Para 2017, a estimativa sobe por tr\u00eas semanas consecutivas &#8211; desta vez, passou de 5,65% para 5,80%. Essas proje\u00e7\u00f5es fazem parte do boletim Focus, uma publica\u00e7\u00e3o semanal elaborada pelo Banco Central (BC).<\/p>\n<p>As estimativas de infla\u00e7\u00e3o est\u00e3o distantes do centro da meta, de 4,5%, e neste ano supera o teto, de 6,5%. O limite superior da meta em 2017 \u00e9 6%.<\/p>\n<p> Depois da \u00faltima decis\u00e3o do Comit\u00ea de Pol\u00edtica Monet\u00e1ria (Copom) do BC de manter a taxa b\u00e1sica de juros, a Selic, em 14,25% ao ano, os analistas n\u00e3o esperam mais por aumento dos juros b\u00e1sicos em 2016. A mediana das expectativas (que desconsidera os extremos nas proje\u00e7\u00f5es) para o final de 2016 caiu de 14,64% para 14,25% ao ano. Em 2017, a expectativa \u00e9 de que a Selic seja reduzida e encerre o ano em 12,75% ao ano.<\/p>\n<p>A taxa \u00e9 usada nas negocia\u00e7\u00f5es de t\u00edtulos p\u00fablicos no Sistema Especial de Liquida\u00e7\u00e3o e Cust\u00f3dia (Selic) e serve como refer\u00eancia para as demais taxas de juros da economia. Ao reajust\u00e1-la para cima, o BC cont\u00e9m o excesso de demanda que pressiona os pre\u00e7os, porque os juros mais altos encarecem o cr\u00e9dito e estimulam a poupan\u00e7a. Quando reduz os juros b\u00e1sicos, o Copom barateia o cr\u00e9dito e incentiva a produ\u00e7\u00e3o e o consumo, mas alivia o controle sobre a infla\u00e7\u00e3o.<\/p>\n<p>As instui\u00e7\u00f5es financeiras tamb\u00e9m projetam retra\u00e7\u00e3o da economia em 2016. A estimativa para a queda do Produto Interno Bruto (PIB), a soma de todos os bens e servi\u00e7os produzidos no pa\u00eds, foi levemente ajustada de 3% para 3,01%. Para 2017, as institui\u00e7\u00f5es financeiras esperam por recupera\u00e7\u00e3o da economia, com crescimento de 0,7%. A estimativa anterior de expans\u00e3o era 0,8%.<\/p>\n<p>A produ\u00e7\u00e3o industrial deve apresentar retra\u00e7\u00e3o de 3,8% este ano, contra 3,57%, previstos na semana passada. Em 2017, o setor deve se recuperar, mas a proje\u00e7\u00e3o de crescimento foi mantida em 1,5%.<\/p>\n<p>A proje\u00e7\u00e3o para a cota\u00e7\u00e3o do d\u00f3lar subiu de R$ 4,30 para R$ 4,35, ao final de 2016, e foi mantida em R$ 4,40, ao fim de 2017.<\/p>\n<p>Kelly Oliveira \u2013 Rep\u00f3rter da Ag\u00eancia Brasil<br \/>\nEdi\u00e7\u00e3o: Gra\u00e7a Adjuto<br \/>\n02\/02\/2016<\/p>\n","protected":false},"excerpt":{"rendered":"<p>A proje\u00e7\u00e3o de institui\u00e7\u00f5es financeiras para a infla\u00e7\u00e3o este ano continua a subir. No quinto ajuste seguido, a proje\u00e7\u00e3o para o \u00cdndice Nacional de Pre\u00e7os ao Consumidor Amplo (IPCA) passou de 7,23% para 7,26%. Para 2017, a estimativa sobe por tr\u00eas semanas consecutivas &#8211; desta vez, passou de 5,65% para 5,80%. Essas proje\u00e7\u00f5es fazem parte [&hellip;]<\/p>\n","protected":false},"author":2,"featured_media":57583,"comment_status":"open","ping_status":"closed","sticky":false,"template":"","format":"standard","meta":{"_genesis_hide_title":false,"_genesis_hide_breadcrumbs":false,"_genesis_hide_singular_image":false,"_genesis_hide_footer_widgets":false,"_genesis_custom_body_class":"","_genesis_custom_post_class":"","_genesis_layout":"","_jetpack_memberships_contains_paid_content":false,"footnotes":""},"categories":[22,7],"tags":[],"class_list":{"0":"post-80499","1":"post","2":"type-post","3":"status-publish","4":"format-standard","5":"has-post-thumbnail","7":"category-brasil","8":"category-economia","9":"entry","10":"gs-1","11":"gs-odd","12":"gs-even","13":"gs-featured-content-entry"},"jetpack_featured_media_url":"https:\/\/www.redenoticia.com.br\/noticia\/imagens\/economia-grafico.jpg","jetpack_sharing_enabled":true,"jetpack_likes_enabled":true,"_links":{"self":[{"href":"https:\/\/www.redenoticia.com.br\/noticia\/wp-json\/wp\/v2\/posts\/80499","targetHints":{"allow":["GET"]}}],"collection":[{"href":"https:\/\/www.redenoticia.com.br\/noticia\/wp-json\/wp\/v2\/posts"}],"about":[{"href":"https:\/\/www.redenoticia.com.br\/noticia\/wp-json\/wp\/v2\/types\/post"}],"author":[{"embeddable":true,"href":"https:\/\/www.redenoticia.com.br\/noticia\/wp-json\/wp\/v2\/users\/2"}],"replies":[{"embeddable":true,"href":"https:\/\/www.redenoticia.com.br\/noticia\/wp-json\/wp\/v2\/comments?post=80499"}],"version-history":[{"count":0,"href":"https:\/\/www.redenoticia.com.br\/noticia\/wp-json\/wp\/v2\/posts\/80499\/revisions"}],"wp:featuredmedia":[{"embeddable":true,"href":"https:\/\/www.redenoticia.com.br\/noticia\/wp-json\/wp\/v2\/media\/57583"}],"wp:attachment":[{"href":"https:\/\/www.redenoticia.com.br\/noticia\/wp-json\/wp\/v2\/media?parent=80499"}],"wp:term":[{"taxonomy":"category","embeddable":true,"href":"https:\/\/www.redenoticia.com.br\/noticia\/wp-json\/wp\/v2\/categories?post=80499"},{"taxonomy":"post_tag","embeddable":true,"href":"https:\/\/www.redenoticia.com.br\/noticia\/wp-json\/wp\/v2\/tags?post=80499"}],"curies":[{"name":"wp","href":"https:\/\/api.w.org\/{rel}","templated":true}]}}