{"id":80445,"date":"2016-02-02T23:17:13","date_gmt":"2016-02-03T01:17:13","guid":{"rendered":"http:\/\/www.redenoticia.com.br\/noticia\/?p=80445"},"modified":"2018-08-13T10:31:22","modified_gmt":"2018-08-13T13:31:22","slug":"bbb-16-votacao-em-ana-paula-e-laercio-movimenta-as-enquetes","status":"publish","type":"post","link":"https:\/\/www.redenoticia.com.br\/noticia\/2016\/bbb-16-votacao-em-ana-paula-e-laercio-movimenta-as-enquetes\/80445","title":{"rendered":"\u201cBBB\u201d 16: vota\u00e7\u00e3o em Ana Paula e La\u00e9rcio movimentou as enquetes"},"content":{"rendered":"<p><a href=\"https:\/\/www.redenoticia.com.br\/noticia\/imagens\/bbb_enquete_votacao.jpg\"><img loading=\"lazy\" decoding=\"async\" class=\"alignleft size-medium wp-image-64479\" src=\"https:\/\/www.redenoticia.com.br\/noticia\/imagens\/bbb_enquete_votacao-187x187.jpg\" alt=\"bbb_enquete_votacao\" width=\"187\" height=\"187\" srcset=\"https:\/\/www.redenoticia.com.br\/noticia\/imagens\/bbb_enquete_votacao-187x187.jpg 187w, https:\/\/www.redenoticia.com.br\/noticia\/imagens\/bbb_enquete_votacao.jpg 300w, https:\/\/www.redenoticia.com.br\/noticia\/imagens\/bbb_enquete_votacao-150x150.jpg 150w, https:\/\/www.redenoticia.com.br\/noticia\/imagens\/bbb_enquete_votacao-110x110.jpg 110w, https:\/\/www.redenoticia.com.br\/noticia\/imagens\/bbb_enquete_votacao-50x50.jpg 50w\" sizes=\"auto, (max-width: 187px) 100vw, 187px\" \/><\/a><em><strong>\u201cBBB&#8221; 16 vota\u00e7\u00e3o enquete:<\/strong><\/em> em 02\/02, Pedro Bial anunciou que La\u00e9rcio recebeu 54% dos votos oficiais e foi eliminado do \u201cBBB\u201d 16. O pared\u00e3o foi formado em 31\/01, quando Ronan anunciou que ficou imune do pared\u00e3o por ter atendido o Big Fone. O anjo Tamiel imunizou Ad\u00e9lia. O L\u00edder Daniel indicou Ana Paula para o pared\u00e3o. Na vota\u00e7\u00e3o da casa, La\u00e9rcio recebeu sete votos e tamb\u00e9m disputa o pared\u00e3o. Vota\u00e7\u00e3o da casa: Ana Paula, Ad\u00e9lia, Juliana, Matheus, Maria Claudia, Renan e Ronan votaram no La\u00e9rcio, que votou no Matheus. Tamiel votou na Geralda, que votou no Daniel. Alan votou na Munik, que votou no Daniel. No programa ao vivo, o apresentador Pedro Bial deu largada na vota\u00e7\u00e3o do pared\u00e3o. A vota\u00e7\u00e3o aconteceu at\u00e9 o programa ao vivo da ter\u00e7a-feira, 02\/02. <\/p>\n<p>Evolu\u00e7\u00e3o da vota\u00e7\u00e3o na enquete Rede Not\u00edcia: Quem deve sair do \u201cBBB\u201d 16?<br \/>\n(01\/02 02h12) Ana Paula 75,39%; La\u00e9rcio 24,61%.<br \/>\n(01\/02 12h05) Ana Paula 76,10%; La\u00e9rcio 23,90%.<br \/>\n(01\/02 20h43) Ana Paula 78,41%; La\u00e9rcio 21,59%.<br \/>\n(02\/02 18h26) Ana Paula 77,19%; La\u00e9rcio 22,81%.<br \/>\n(02\/02 23h06) Ana Paula 77,30%; La\u00e9rcio 22,70%. &#8211; 510.420 votos.<\/p>\n<p>Na Enquete Uol \u2013 Quem deve ser eliminado?<br \/>\n(01\/02 02h12) Ana Paula 61,92%; La\u00e9rcio 38,08%.<br \/>\n(01\/02 12h05) Ana Paula 65,10%; La\u00e9rcio 34,90%.<br \/>\n(01\/02 20h43) Ana Paula 66,20%; La\u00e9rcio 33,80%.<br \/>\n(02\/02 18h26) Ana Paula 65,84%; La\u00e9rcio 34,16%.<br \/>\n(02\/02 23h06) Ana Paula 66,00%; La\u00e9rcio 34,00%. &#8211; 941.744 votos.<\/p>\n<p>A vota\u00e7\u00e3o oficial aconteceu no endere\u00e7o da\u00a0<a href=\"http:\/\/gshow.globo.com\/realities\/bbb\/\" target=\"_blank\">Rede Globo \u201cBBB&#8221; 16<\/a> at\u00e9 o programa de elimina\u00e7\u00e3o ao vivo.<\/p>\n<p>Fonte \u201cBBB&#8221; 16 \u2013 Vota\u00e7\u00e3o Enquete<\/p>\n<p>Not\u00edcias relacionadas:<br \/>\n\u201cBBB\u201d 16: <a href=\"https:\/\/www.redenoticia.com.br\/noticia\/2016\/bbb-16-resumo-dos-destaques-do-dia\/79970\">resumo dos destaques do dia<\/a><br \/>\n\u201cBBB\u201d 16: <a href=\"https:\/\/www.redenoticia.com.br\/noticia\/2016\/bbb-16-prova-da-comida\/80134\">prova da comida<\/a><br \/>\n\u201cBBB\u201d 16: <a href=\"https:\/\/www.redenoticia.com.br\/noticia\/2016\/bbb-16-prova-do-anjo-e-castigo-do-monstro\/80057\">prova do anjo e castigo do monstro<\/a><br \/>\n\u201cBBB\u201d 16 enquete: <a href=\"https:\/\/www.redenoticia.com.br\/noticia\/2016\/bbb-16-vote-no-seu-brother-preferido\/79978\">vote no seu brother preferido<\/a><\/p>\n<p>&#8212;<br \/>\nConcorrentes que entraram na casa em 19\/01: Ad\u00e9lia (Advogada, mora em S\u00e3o Paulo); Alan (Doutor em Filosofia em Natal, Rio Grande do Norte); Ana Paula (mineira de 34 anos, formada em Comunica\u00e7\u00e3o); Daniel (empres\u00e1rio, 38 anos,carioca); Harumi (64 anos, Jornalista em S\u00e3o Paulo); Juliana (paulista, bailarina, 31 anos); La\u00e9rcio (53 anos, curitibano, designer de tatuagem); Maria Claudia (youtuber de Santa Cruz, Rio Grande do Norte, 19 anos); Munik (estudante, goiana de 19 anos); Renan (modelo, nascido em Amparo, interior de S\u00e3o Paulo, tem 29 anos); Ronan (estudante de filosofia em Curitiba, 27 anos); Tamiel (41 anos, professor de Ecologia em Goi\u00e2nia).<\/p>\n<p>Concorrentes que entraram na casa em 23\/01: Geralda (63 anos, professora aposentada de Minas Gerais); William ou Blackout (35 anos, seguran\u00e7a); Fernanda (28 anos, escritora e artista mineira); Matheus (25 anos, Engenheiro de Minas).<\/p>\n","protected":false},"excerpt":{"rendered":"<p>\u201cBBB&#8221; 16 vota\u00e7\u00e3o enquete: em 02\/02, Pedro Bial anunciou que La\u00e9rcio recebeu 54% dos votos oficiais e foi eliminado do \u201cBBB\u201d 16. O pared\u00e3o foi formado em 31\/01, quando Ronan anunciou que ficou imune do pared\u00e3o por ter atendido o Big Fone. O anjo Tamiel imunizou Ad\u00e9lia. O L\u00edder Daniel indicou Ana Paula para o [&hellip;]<\/p>\n","protected":false},"author":2,"featured_media":64479,"comment_status":"open","ping_status":"closed","sticky":false,"template":"","format":"standard","meta":{"_genesis_hide_title":false,"_genesis_hide_breadcrumbs":false,"_genesis_hide_singular_image":false,"_genesis_hide_footer_widgets":false,"_genesis_custom_body_class":"","_genesis_custom_post_class":"","_genesis_layout":"","_jetpack_memberships_contains_paid_content":false,"footnotes":""},"categories":[520,375,343],"tags":[],"class_list":{"0":"post-80445","1":"post","2":"type-post","3":"status-publish","4":"format-standard","5":"has-post-thumbnail","7":"category-big-brother-brasil","8":"category-rede-globo","9":"category-televisao","10":"entry","11":"gs-1","12":"gs-odd","13":"gs-even","14":"gs-featured-content-entry"},"jetpack_featured_media_url":"https:\/\/www.redenoticia.com.br\/noticia\/imagens\/bbb_enquete_votacao.jpg","jetpack_sharing_enabled":true,"jetpack_likes_enabled":true,"_links":{"self":[{"href":"https:\/\/www.redenoticia.com.br\/noticia\/wp-json\/wp\/v2\/posts\/80445","targetHints":{"allow":["GET"]}}],"collection":[{"href":"https:\/\/www.redenoticia.com.br\/noticia\/wp-json\/wp\/v2\/posts"}],"about":[{"href":"https:\/\/www.redenoticia.com.br\/noticia\/wp-json\/wp\/v2\/types\/post"}],"author":[{"embeddable":true,"href":"https:\/\/www.redenoticia.com.br\/noticia\/wp-json\/wp\/v2\/users\/2"}],"replies":[{"embeddable":true,"href":"https:\/\/www.redenoticia.com.br\/noticia\/wp-json\/wp\/v2\/comments?post=80445"}],"version-history":[{"count":0,"href":"https:\/\/www.redenoticia.com.br\/noticia\/wp-json\/wp\/v2\/posts\/80445\/revisions"}],"wp:featuredmedia":[{"embeddable":true,"href":"https:\/\/www.redenoticia.com.br\/noticia\/wp-json\/wp\/v2\/media\/64479"}],"wp:attachment":[{"href":"https:\/\/www.redenoticia.com.br\/noticia\/wp-json\/wp\/v2\/media?parent=80445"}],"wp:term":[{"taxonomy":"category","embeddable":true,"href":"https:\/\/www.redenoticia.com.br\/noticia\/wp-json\/wp\/v2\/categories?post=80445"},{"taxonomy":"post_tag","embeddable":true,"href":"https:\/\/www.redenoticia.com.br\/noticia\/wp-json\/wp\/v2\/tags?post=80445"}],"curies":[{"name":"wp","href":"https:\/\/api.w.org\/{rel}","templated":true}]}}