{"id":80438,"date":"2016-02-01T10:29:08","date_gmt":"2016-02-01T12:29:08","guid":{"rendered":"http:\/\/www.redenoticia.com.br\/noticia\/?p=80438"},"modified":"2016-01-31T18:41:57","modified_gmt":"2016-01-31T20:41:57","slug":"inflacao-na-saida-das-fabricas-fechou-2015-em-884","status":"publish","type":"post","link":"https:\/\/www.redenoticia.com.br\/noticia\/2016\/inflacao-na-saida-das-fabricas-fechou-2015-em-884\/80438","title":{"rendered":"Infla\u00e7\u00e3o na sa\u00edda das f\u00e1bricas fechou 2015 em 8,84%"},"content":{"rendered":"<p> A <strong><em>infla\u00e7\u00e3o<\/em><\/strong> dos produtos na sa\u00edda das f\u00e1bricas, medida pelo \u00cdndice de Pre\u00e7os ao Produtor (IPP) fechou 2015 com uma taxa de 8,84%. Em 2014, o IPP registrou alta de pre\u00e7os de apenas 2,66%. Os dados foram divulgados pelo Instituto Brasileiro de Geografia e Estat\u00edstica (IBGE).<\/p>\n<p>As ind\u00fastrias extrativas fecharam o ano com uma defla\u00e7\u00e3o (queda de pre\u00e7os) de 9,33%, enquanto nas ind\u00fastrias da transforma\u00e7\u00e3o a infla\u00e7\u00e3o chegou a 9,46%.<\/p>\n<p>Vinte e uma das 23 atividades das ind\u00fastrias da transforma\u00e7\u00e3o pesquisadas pelo IBGE apresentaram alta nos pre\u00e7os em 2015, com destaque para fabrica\u00e7\u00e3o de outros equipamentos de transporte (33,62% de infla\u00e7\u00e3o), produtos de fumo (32,02%), celulose, papel e produtos de papel (21,21%) e produtos aliment\u00edcios (14,28%).<\/p>\n<p>Entre as grandes categorias de uso, a maior infla\u00e7\u00e3o foi observada nos bens de capital (12,38%), seguidos de bens de consumo semi e n\u00e3o dur\u00e1veis (9,69%), bens intermedi\u00e1rios (8,33%) e bens de consumo dur\u00e1veis (6,08%).<\/p>\n<p>Apesar da alta da infla\u00e7\u00e3o em rela\u00e7\u00e3o a 2014, o IPP terminou 2015 em tend\u00eancia de queda, com defla\u00e7\u00f5es registradas nos \u00faltimos dois meses do ano: novembro (-0,42%) e dezembro (-0,32%). A queda de pre\u00e7os em dezembro foi sentida nas ind\u00fastrias extrativas (-6,07%) e nas ind\u00fastrias de transforma\u00e7\u00e3o (-0,15%).<\/p>\n<p>Vitor Abdala \u2013 Rep\u00f3rter da Ag\u00eancia Brasil<br \/>\nEdi\u00e7\u00e3o: Talita Cavalcante<br \/>\n01\/02\/2016<\/p>\n","protected":false},"excerpt":{"rendered":"<p>A infla\u00e7\u00e3o dos produtos na sa\u00edda das f\u00e1bricas, medida pelo \u00cdndice de Pre\u00e7os ao Produtor (IPP) fechou 2015 com uma taxa de 8,84%. Em 2014, o IPP registrou alta de pre\u00e7os de apenas 2,66%. Os dados foram divulgados pelo Instituto Brasileiro de Geografia e Estat\u00edstica (IBGE). As ind\u00fastrias extrativas fecharam o ano com uma defla\u00e7\u00e3o [&hellip;]<\/p>\n","protected":false},"author":2,"featured_media":34916,"comment_status":"open","ping_status":"closed","sticky":false,"template":"","format":"standard","meta":{"_genesis_hide_title":false,"_genesis_hide_breadcrumbs":false,"_genesis_hide_singular_image":false,"_genesis_hide_footer_widgets":false,"_genesis_custom_body_class":"","_genesis_custom_post_class":"","_genesis_layout":"","_jetpack_memberships_contains_paid_content":false,"footnotes":""},"categories":[22,7],"tags":[],"class_list":{"0":"post-80438","1":"post","2":"type-post","3":"status-publish","4":"format-standard","5":"has-post-thumbnail","7":"category-brasil","8":"category-economia","9":"entry","10":"gs-1","11":"gs-odd","12":"gs-even","13":"gs-featured-content-entry"},"jetpack_featured_media_url":"https:\/\/www.redenoticia.com.br\/noticia\/imagens\/inflacao.jpg","jetpack_sharing_enabled":true,"jetpack_likes_enabled":true,"_links":{"self":[{"href":"https:\/\/www.redenoticia.com.br\/noticia\/wp-json\/wp\/v2\/posts\/80438","targetHints":{"allow":["GET"]}}],"collection":[{"href":"https:\/\/www.redenoticia.com.br\/noticia\/wp-json\/wp\/v2\/posts"}],"about":[{"href":"https:\/\/www.redenoticia.com.br\/noticia\/wp-json\/wp\/v2\/types\/post"}],"author":[{"embeddable":true,"href":"https:\/\/www.redenoticia.com.br\/noticia\/wp-json\/wp\/v2\/users\/2"}],"replies":[{"embeddable":true,"href":"https:\/\/www.redenoticia.com.br\/noticia\/wp-json\/wp\/v2\/comments?post=80438"}],"version-history":[{"count":0,"href":"https:\/\/www.redenoticia.com.br\/noticia\/wp-json\/wp\/v2\/posts\/80438\/revisions"}],"wp:featuredmedia":[{"embeddable":true,"href":"https:\/\/www.redenoticia.com.br\/noticia\/wp-json\/wp\/v2\/media\/34916"}],"wp:attachment":[{"href":"https:\/\/www.redenoticia.com.br\/noticia\/wp-json\/wp\/v2\/media?parent=80438"}],"wp:term":[{"taxonomy":"category","embeddable":true,"href":"https:\/\/www.redenoticia.com.br\/noticia\/wp-json\/wp\/v2\/categories?post=80438"},{"taxonomy":"post_tag","embeddable":true,"href":"https:\/\/www.redenoticia.com.br\/noticia\/wp-json\/wp\/v2\/tags?post=80438"}],"curies":[{"name":"wp","href":"https:\/\/api.w.org\/{rel}","templated":true}]}}