{"id":80334,"date":"2016-01-29T07:32:48","date_gmt":"2016-01-29T09:32:48","guid":{"rendered":"http:\/\/www.redenoticia.com.br\/noticia\/?p=80334"},"modified":"2016-01-28T17:34:58","modified_gmt":"2016-01-28T19:34:58","slug":"governo-central-tem-maior-deficit-dos-ultimos-19-anos","status":"publish","type":"post","link":"https:\/\/www.redenoticia.com.br\/noticia\/2016\/governo-central-tem-maior-deficit-dos-ultimos-19-anos\/80334","title":{"rendered":"Governo Central tem maior d\u00e9ficit dos \u00faltimos 19 anos"},"content":{"rendered":"<p> O Governo Central (Previd\u00eancia Social, Tesouro Nacional e Banco Central) registrou, no ano passado, <strong><em>resultado prim\u00e1rio deficit\u00e1rio<\/em><\/strong> em R$ 114,9 bilh\u00f5es, ou 1,94% do Produto Interno Bruto (PIB), que \u00e9 a soma de todas as riquezas do pa\u00eds. Trata-se do pior resultado anual, desde o in\u00edcio da s\u00e9rie hist\u00f3rica, em 1997. Em 2014, o d\u00e9ficit registrado ficou em R$ 17,2 bilh\u00f5es ou 0,3% do PIB. A diferen\u00e7a entre 2014 e 2015 supera R$ 97 bilh\u00f5es.<\/p>\n<p>A Previd\u00eancia Social responde pela maior parte do d\u00e9ficit no ano, com resultado negativo de R$ 85,8 bilh\u00f5es. O Tesouro Nacional ficou negativo em R$ 29,3 bilh\u00f5es e o Banco Central teve d\u00e9ficit de R$ 699,2 milh\u00f5es.<\/p>\n<p>Em dezembro, as contas da Uni\u00e3o ficaram negativas em R$ 60,727 bilh\u00f5es, influenciadas pelo pagamento da d\u00edvida do governo com bancos p\u00fablicos. S\u00f3 no m\u00eas passado, o Tesouro Nacional registrou resultado negativo de R$ 64,49 bilh\u00f5es, a Previd\u00eancia Social em R$ 3,04 bilh\u00f5es e o Banco Central R$ 129,05 milh\u00f5es.<\/p>\n<p>De acordo com Ot\u00e1vio Ladeira, secret\u00e1rio interino do Tesouro Nacional, com a aprova\u00e7\u00e3o de uma nova meta prim\u00e1ria para o ano passado, o governo estava autorizado a fechar 2015 com d\u00e9ficit de at\u00e9 R$ 118,7 bilh\u00f5es. O resultado divulgado nesta quinta-feira, portanto, indica uma folga de R$ 3,7 bilh\u00f5es no total permitido.<\/p>\n<p>O secret\u00e1rio destacou que, como par\u00e2metro da meta fiscal, o resultado utilizado s\u00f3 ser\u00e1 conhecido amanh\u00e3, quando o Banco Central divulgar o resultado de todo o setor p\u00fablico. Ot\u00e1vio Ladeira lembrou ainda que, como j\u00e1 havia dito o ministro da Fazenda, Nelson Barbosa, o governo est\u00e1 revendo as estimativas de despesas e receitas a serem divulgadas \u201cem meados de fevereiro\u201d.<\/p>\n<p>Daniel Lima \u2013 Rep\u00f3rter da Ag\u00eancia Brasil<br \/>\nEdi\u00e7\u00e3o: Denise Griesinger<br \/>\n29\/01\/2016<\/p>\n","protected":false},"excerpt":{"rendered":"<p>O Governo Central (Previd\u00eancia Social, Tesouro Nacional e Banco Central) registrou, no ano passado, resultado prim\u00e1rio deficit\u00e1rio em R$ 114,9 bilh\u00f5es, ou 1,94% do Produto Interno Bruto (PIB), que \u00e9 a soma de todas as riquezas do pa\u00eds. Trata-se do pior resultado anual, desde o in\u00edcio da s\u00e9rie hist\u00f3rica, em 1997. Em 2014, o d\u00e9ficit [&hellip;]<\/p>\n","protected":false},"author":2,"featured_media":57585,"comment_status":"open","ping_status":"closed","sticky":false,"template":"","format":"standard","meta":{"_genesis_hide_title":false,"_genesis_hide_breadcrumbs":false,"_genesis_hide_singular_image":false,"_genesis_hide_footer_widgets":false,"_genesis_custom_body_class":"","_genesis_custom_post_class":"","_genesis_layout":"","_jetpack_memberships_contains_paid_content":false,"footnotes":""},"categories":[22,7],"tags":[],"class_list":{"0":"post-80334","1":"post","2":"type-post","3":"status-publish","4":"format-standard","5":"has-post-thumbnail","7":"category-brasil","8":"category-economia","9":"entry","10":"gs-1","11":"gs-odd","12":"gs-even","13":"gs-featured-content-entry"},"jetpack_featured_media_url":"https:\/\/www.redenoticia.com.br\/noticia\/imagens\/analise-economia.jpg","jetpack_sharing_enabled":true,"jetpack_likes_enabled":true,"_links":{"self":[{"href":"https:\/\/www.redenoticia.com.br\/noticia\/wp-json\/wp\/v2\/posts\/80334","targetHints":{"allow":["GET"]}}],"collection":[{"href":"https:\/\/www.redenoticia.com.br\/noticia\/wp-json\/wp\/v2\/posts"}],"about":[{"href":"https:\/\/www.redenoticia.com.br\/noticia\/wp-json\/wp\/v2\/types\/post"}],"author":[{"embeddable":true,"href":"https:\/\/www.redenoticia.com.br\/noticia\/wp-json\/wp\/v2\/users\/2"}],"replies":[{"embeddable":true,"href":"https:\/\/www.redenoticia.com.br\/noticia\/wp-json\/wp\/v2\/comments?post=80334"}],"version-history":[{"count":0,"href":"https:\/\/www.redenoticia.com.br\/noticia\/wp-json\/wp\/v2\/posts\/80334\/revisions"}],"wp:featuredmedia":[{"embeddable":true,"href":"https:\/\/www.redenoticia.com.br\/noticia\/wp-json\/wp\/v2\/media\/57585"}],"wp:attachment":[{"href":"https:\/\/www.redenoticia.com.br\/noticia\/wp-json\/wp\/v2\/media?parent=80334"}],"wp:term":[{"taxonomy":"category","embeddable":true,"href":"https:\/\/www.redenoticia.com.br\/noticia\/wp-json\/wp\/v2\/categories?post=80334"},{"taxonomy":"post_tag","embeddable":true,"href":"https:\/\/www.redenoticia.com.br\/noticia\/wp-json\/wp\/v2\/tags?post=80334"}],"curies":[{"name":"wp","href":"https:\/\/api.w.org\/{rel}","templated":true}]}}