{"id":80277,"date":"2016-01-28T07:25:21","date_gmt":"2016-01-28T09:25:21","guid":{"rendered":"http:\/\/www.redenoticia.com.br\/noticia\/?p=80277"},"modified":"2016-01-27T17:26:34","modified_gmt":"2016-01-27T19:26:34","slug":"tesouro-explica-pagamentos-aos-bancos-publicos","status":"publish","type":"post","link":"https:\/\/www.redenoticia.com.br\/noticia\/2016\/tesouro-explica-pagamentos-aos-bancos-publicos\/80277","title":{"rendered":"Tesouro explica pagamentos aos bancos p\u00fablicos"},"content":{"rendered":"<p> A Secretaria do Tesouro Nacional do Minist\u00e9rio da Fazenda divulgou nota para esclarecer que o pagamento dos atrasos no <strong><em>pagamento do governo com bancos p\u00fablicos<\/em><\/strong> n\u00e3o foi feito com recursos dos royalties do pr\u00e9-sal, destinados \u00e0 \u00e1rea social, ou de resultados positivos do Banco Central. No ano passado, o governo pagou R$ 72,4 bilh\u00f5es aos bancos p\u00fablicos, para quitar os atrasos do Tesouro Nacional e cumprir as recomenda\u00e7\u00f5es do Tribunal de Conta da Uni\u00e3o (TCU).<\/p>\n<p>Segundo o minist\u00e9rio, foram utilizados R$ 27,1 bilh\u00f5es de fontes de recursos de super\u00e1vit financeiro, que s\u00e3o sobras de caixa do Tesouro Nacional. O valor mais expressivo dos recursos desvinculados, R$ 21,1 bilh\u00f5es, decorreu da emiss\u00e3o de t\u00edtulos da D\u00edvida P\u00fablica em exerc\u00edcios anteriores, diz o minist\u00e9rio.<\/p>\n<p>Foram utilizados, ainda, super\u00e1vits financeiros referentes \u00e0 contribui\u00e7\u00e3o sobre remunera\u00e7\u00e3o do Fundo de Garantia do Tempo de Servi\u00e7o (FGTS), R$ 5,966 bilh\u00f5es, \u00e0 remunera\u00e7\u00e3o da Conta \u00danica do Tesouro Nacional (R$94 milh\u00f5es) e de loterias (R$ 54 milh\u00f5es). Outros R$ 43,5 bilh\u00f5es sa\u00edram de v\u00e1rias fontes de recursos do exerc\u00edcio de 2015.<\/p>\n<p>Na nota, o minist\u00e9rio defendeu a edi\u00e7\u00e3o de medida provis\u00f3ria, no final do ano passado, que permitiu a desvincula\u00e7\u00e3o de recursos para o pagamento dos passivos do governo. Segundo o minist\u00e9rio, essa medida tinha sido adotada outras vezes: 1997, 2008 e 2009.<\/p>\n<p>Segundo o minist\u00e9rio, a medida tem o objetivo de corrigir \u201cuma distor\u00e7\u00e3o alocativa, j\u00e1 que, em muitas situa\u00e7\u00f5es, as receitas vinculadas n\u00e3o coincidem com as demandas da Uni\u00e3o. Por dever p\u00fablico, o Tesouro Nacional \u00e9 obrigado a adotar provid\u00eancias para viabilizar fontes de recursos para o financiamento das despesas autorizadas, seja por meio do uso do super\u00e1vit financeiro ou por meio do or\u00e7amento da d\u00edvida p\u00fablica\u201d, disso. O minist\u00e9rio acrescentou que por meio da medida provis\u00f3ria, a parcela dos recursos dispon\u00edveis em fontes vinculadas legalmente ao final do ano anterior deixou de ser vinculada, podendo, a partir de ent\u00e3o, ter livre destina\u00e7\u00e3o.<\/p>\n<p>Da Ag\u00eancia Brasil<br \/>\nEdi\u00e7\u00e3o: Beto Coura<br \/>\n28\/01\/2016<\/p>\n","protected":false},"excerpt":{"rendered":"<p>A Secretaria do Tesouro Nacional do Minist\u00e9rio da Fazenda divulgou nota para esclarecer que o pagamento dos atrasos no pagamento do governo com bancos p\u00fablicos n\u00e3o foi feito com recursos dos royalties do pr\u00e9-sal, destinados \u00e0 \u00e1rea social, ou de resultados positivos do Banco Central. No ano passado, o governo pagou R$ 72,4 bilh\u00f5es aos [&hellip;]<\/p>\n","protected":false},"author":2,"featured_media":40734,"comment_status":"open","ping_status":"closed","sticky":false,"template":"","format":"standard","meta":{"_genesis_hide_title":false,"_genesis_hide_breadcrumbs":false,"_genesis_hide_singular_image":false,"_genesis_hide_footer_widgets":false,"_genesis_custom_body_class":"","_genesis_custom_post_class":"","_genesis_layout":"","_jetpack_memberships_contains_paid_content":false,"footnotes":""},"categories":[22,7],"tags":[],"class_list":{"0":"post-80277","1":"post","2":"type-post","3":"status-publish","4":"format-standard","5":"has-post-thumbnail","7":"category-brasil","8":"category-economia","9":"entry","10":"gs-1","11":"gs-odd","12":"gs-even","13":"gs-featured-content-entry"},"jetpack_featured_media_url":"https:\/\/www.redenoticia.com.br\/noticia\/imagens\/economia-resultados.jpg","jetpack_sharing_enabled":true,"jetpack_likes_enabled":true,"_links":{"self":[{"href":"https:\/\/www.redenoticia.com.br\/noticia\/wp-json\/wp\/v2\/posts\/80277","targetHints":{"allow":["GET"]}}],"collection":[{"href":"https:\/\/www.redenoticia.com.br\/noticia\/wp-json\/wp\/v2\/posts"}],"about":[{"href":"https:\/\/www.redenoticia.com.br\/noticia\/wp-json\/wp\/v2\/types\/post"}],"author":[{"embeddable":true,"href":"https:\/\/www.redenoticia.com.br\/noticia\/wp-json\/wp\/v2\/users\/2"}],"replies":[{"embeddable":true,"href":"https:\/\/www.redenoticia.com.br\/noticia\/wp-json\/wp\/v2\/comments?post=80277"}],"version-history":[{"count":0,"href":"https:\/\/www.redenoticia.com.br\/noticia\/wp-json\/wp\/v2\/posts\/80277\/revisions"}],"wp:featuredmedia":[{"embeddable":true,"href":"https:\/\/www.redenoticia.com.br\/noticia\/wp-json\/wp\/v2\/media\/40734"}],"wp:attachment":[{"href":"https:\/\/www.redenoticia.com.br\/noticia\/wp-json\/wp\/v2\/media?parent=80277"}],"wp:term":[{"taxonomy":"category","embeddable":true,"href":"https:\/\/www.redenoticia.com.br\/noticia\/wp-json\/wp\/v2\/categories?post=80277"},{"taxonomy":"post_tag","embeddable":true,"href":"https:\/\/www.redenoticia.com.br\/noticia\/wp-json\/wp\/v2\/tags?post=80277"}],"curies":[{"name":"wp","href":"https:\/\/api.w.org\/{rel}","templated":true}]}}