{"id":80238,"date":"2016-01-27T07:16:36","date_gmt":"2016-01-27T09:16:36","guid":{"rendered":"http:\/\/www.redenoticia.com.br\/noticia\/?p=80238"},"modified":"2016-01-26T17:17:36","modified_gmt":"2016-01-26T19:17:36","slug":"inflacao-nos-proximos-12-meses-devera-ficar-em-113-estimam-consumidores","status":"publish","type":"post","link":"https:\/\/www.redenoticia.com.br\/noticia\/2016\/inflacao-nos-proximos-12-meses-devera-ficar-em-113-estimam-consumidores\/80238","title":{"rendered":"Infla\u00e7\u00e3o nos pr\u00f3ximos 12 meses dever\u00e1 ficar em 11,3%, estimam consumidores"},"content":{"rendered":"<p> Os consumidores brasileiros estimam que os pr\u00f3ximos 12 meses ter\u00e3o uma <strong><em>infla\u00e7\u00e3o<\/em><\/strong> acumulada de 11,3%, segundo pesquisa feita neste m\u00eas e divulgada pela Funda\u00e7\u00e3o Getulio Vargas (FGV). O indicador \u00e9 0,3 ponto percentual superior \u00e0 pesquisa realizada em dezembro do ano passado.<\/p>\n<p>De acordo com a FGV, o aumento \u00e9 reflexo de um alto \u00cdndice Nacional de Pre\u00e7os ao Consumidor Amplo (IPCA), a infla\u00e7\u00e3o oficial, que fechou 2015 em 10,67%, bem acima do teto da meta de infla\u00e7\u00e3o do governo federal, de 6,5%.<\/p>\n<p>A FGV espera, no entanto, que haja uma revers\u00e3o da expectativa dos consumidores no segundo semestre deste ano, quando os efeitos da crise sobre os pre\u00e7os ser\u00e3o intensificados.<\/p>\n<p>Vitor Abdala &#8211; Rep\u00f3rter da Ag\u00eancia Brasil<br \/>\nEdi\u00e7\u00e3o: Gra\u00e7a Adjuto<br \/>\n26\/01\/2016<br \/>\n&#8212;<\/p>\n<p>A Empresa Brasil de Comunica\u00e7\u00e3o \u00e9 uma institui\u00e7\u00e3o da democracia brasileira: p\u00fablica, inclusiva e cidad\u00e3.  Criada em 2007 para fortalecer o sistema p\u00fablico de comunica\u00e7\u00e3o, \u00e9 gestora dos canais TV Brasil, TV Brasil Internacional, Ag\u00eancia Brasil, Radioag\u00eancia Nacional e do sistema p\u00fablico de R\u00e1dio \u2013 composto por oito emissoras. Estes, por sua independ\u00eancia editorial, distinguem-se dos canais estatais ou governamentais, com conte\u00fados diferenciados e complementares aos canais privados. Os ve\u00edculos da EBC t\u00eam autonomia para definir produ\u00e7\u00e3o, programa\u00e7\u00e3o e distribui\u00e7\u00e3o de conte\u00fados.<\/p>\n","protected":false},"excerpt":{"rendered":"<p>Os consumidores brasileiros estimam que os pr\u00f3ximos 12 meses ter\u00e3o uma infla\u00e7\u00e3o acumulada de 11,3%, segundo pesquisa feita neste m\u00eas e divulgada pela Funda\u00e7\u00e3o Getulio Vargas (FGV). O indicador \u00e9 0,3 ponto percentual superior \u00e0 pesquisa realizada em dezembro do ano passado. De acordo com a FGV, o aumento \u00e9 reflexo de um alto \u00cdndice [&hellip;]<\/p>\n","protected":false},"author":2,"featured_media":57584,"comment_status":"open","ping_status":"closed","sticky":false,"template":"","format":"standard","meta":{"_genesis_hide_title":false,"_genesis_hide_breadcrumbs":false,"_genesis_hide_singular_image":false,"_genesis_hide_footer_widgets":false,"_genesis_custom_body_class":"","_genesis_custom_post_class":"","_genesis_layout":"","_jetpack_memberships_contains_paid_content":false,"footnotes":""},"categories":[22,7],"tags":[],"class_list":{"0":"post-80238","1":"post","2":"type-post","3":"status-publish","4":"format-standard","5":"has-post-thumbnail","7":"category-brasil","8":"category-economia","9":"entry","10":"gs-1","11":"gs-odd","12":"gs-even","13":"gs-featured-content-entry"},"jetpack_featured_media_url":"https:\/\/www.redenoticia.com.br\/noticia\/imagens\/economia-grafica-analise-inflacao.jpg","jetpack_sharing_enabled":true,"jetpack_likes_enabled":true,"_links":{"self":[{"href":"https:\/\/www.redenoticia.com.br\/noticia\/wp-json\/wp\/v2\/posts\/80238","targetHints":{"allow":["GET"]}}],"collection":[{"href":"https:\/\/www.redenoticia.com.br\/noticia\/wp-json\/wp\/v2\/posts"}],"about":[{"href":"https:\/\/www.redenoticia.com.br\/noticia\/wp-json\/wp\/v2\/types\/post"}],"author":[{"embeddable":true,"href":"https:\/\/www.redenoticia.com.br\/noticia\/wp-json\/wp\/v2\/users\/2"}],"replies":[{"embeddable":true,"href":"https:\/\/www.redenoticia.com.br\/noticia\/wp-json\/wp\/v2\/comments?post=80238"}],"version-history":[{"count":0,"href":"https:\/\/www.redenoticia.com.br\/noticia\/wp-json\/wp\/v2\/posts\/80238\/revisions"}],"wp:featuredmedia":[{"embeddable":true,"href":"https:\/\/www.redenoticia.com.br\/noticia\/wp-json\/wp\/v2\/media\/57584"}],"wp:attachment":[{"href":"https:\/\/www.redenoticia.com.br\/noticia\/wp-json\/wp\/v2\/media?parent=80238"}],"wp:term":[{"taxonomy":"category","embeddable":true,"href":"https:\/\/www.redenoticia.com.br\/noticia\/wp-json\/wp\/v2\/categories?post=80238"},{"taxonomy":"post_tag","embeddable":true,"href":"https:\/\/www.redenoticia.com.br\/noticia\/wp-json\/wp\/v2\/tags?post=80238"}],"curies":[{"name":"wp","href":"https:\/\/api.w.org\/{rel}","templated":true}]}}