{"id":80234,"date":"2016-01-27T07:12:59","date_gmt":"2016-01-27T09:12:59","guid":{"rendered":"http:\/\/www.redenoticia.com.br\/noticia\/?p=80234"},"modified":"2016-01-26T17:14:32","modified_gmt":"2016-01-26T19:14:32","slug":"gasto-de-brasileiros-no-exterior-cai-32-e-alcanca-menor-resultado-desde-2010","status":"publish","type":"post","link":"https:\/\/www.redenoticia.com.br\/noticia\/2016\/gasto-de-brasileiros-no-exterior-cai-32-e-alcanca-menor-resultado-desde-2010\/80234","title":{"rendered":"Gasto de brasileiros no exterior cai 32% e alcan\u00e7a menor resultado desde 2010"},"content":{"rendered":"<p> Com a alta do d\u00f3lar, as despesas de brasileiros no exterior ca\u00edram 32,1% em 2015, na compara\u00e7\u00e3o com o ano anterior. Os <strong><em>gastos em viagens ao exterior<\/em><\/strong> ficaram em US$17,357 bilh\u00f5es no ano passado, de acordo com dados do Banco Central (BC). Esse \u00e9 o menor valor desde 2010, quando os gastos chegaram a US$ 15,965 bilh\u00f5es.<\/p>\n<p>As receitas de estrangeiros deixadas no Brasil chegaram a US$ 5,844 bilh\u00f5es no ano passado, com queda de 14,6%%, na compara\u00e7\u00e3o com 2014.<\/p>\n<p>Com despesas maiores que as receitas, a conta de viagens internacionais fechou o ano passado negativa em US$ 11,513 bilh\u00f5es, contra US$ 18,724 bilh\u00f5es registrados em 2014, queda de 38,5%.<\/p>\n<p> O chefe do Departamento Econ\u00f4mico do BC, Tulio Maciel, destacou que \u00e9 a primeira vez que houve recuou no d\u00e9ficit da conta de viagens em rela\u00e7\u00e3o ao ano anterior, na s\u00e9rie hist\u00f3rica, com inicio de 2010. Na compara\u00e7\u00e3o com o ano anterior, o saldo negativou cresceu 37%, em 2011, 7%, em 2012, 18%, em 2013, e 1%, em 2014.<\/p>\n<p>D\u00f3lar<\/p>\n<p>Maciel lembra que a alta do d\u00f3lar influencia diretamente a conta de viagens internacionais, com redu\u00e7\u00e3o de gastos no exterior, mas gera a expectativa de aumento de gastos de estrangeiros no Brasil, este ano. Com rela\u00e7\u00e3o aos gastos no exterior, Maciel disse que espera pela continuidade da redu\u00e7\u00e3o, este ano, mas n\u00e3o na mesma propor\u00e7\u00e3o de 2015. \u201cJ\u00e1 teve um ajuste muito forte em 2015\u201d, ressaltou.<\/p>\n<p>Al\u00e9m do d\u00f3lar mais caro, Maciel citou o \u201ccrescimento menor da renda dos brasileiros\u201d como fator que explica a redu\u00e7\u00e3o de gastos no exterior.<\/p>\n<p>De acordo com os dados parciais, at\u00e9 o dia 22 deste m\u00eas, as receitas de estrangeiros no Brasil ficaram em US$ 484 milh\u00f5es e as despesas no exterior totalizaram US$ 664 milh\u00f5es. O d\u00e9ficit na conta de viagens est\u00e1 em US$ 180 milh\u00f5es.<\/p>\n<p>Kelly Oliveira \u2013 Rep\u00f3rter da Ag\u00eancia Brasil<br \/>\nEdi\u00e7\u00e3o: Talita Cavalcante<br \/>\n26\/01\/2016<\/p>\n","protected":false},"excerpt":{"rendered":"<p>Com a alta do d\u00f3lar, as despesas de brasileiros no exterior ca\u00edram 32,1% em 2015, na compara\u00e7\u00e3o com o ano anterior. Os gastos em viagens ao exterior ficaram em US$17,357 bilh\u00f5es no ano passado, de acordo com dados do Banco Central (BC). Esse \u00e9 o menor valor desde 2010, quando os gastos chegaram a US$ [&hellip;]<\/p>\n","protected":false},"author":2,"featured_media":57583,"comment_status":"open","ping_status":"closed","sticky":false,"template":"","format":"standard","meta":{"_genesis_hide_title":false,"_genesis_hide_breadcrumbs":false,"_genesis_hide_singular_image":false,"_genesis_hide_footer_widgets":false,"_genesis_custom_body_class":"","_genesis_custom_post_class":"","_genesis_layout":"","_jetpack_memberships_contains_paid_content":false,"footnotes":""},"categories":[22,7],"tags":[],"class_list":{"0":"post-80234","1":"post","2":"type-post","3":"status-publish","4":"format-standard","5":"has-post-thumbnail","7":"category-brasil","8":"category-economia","9":"entry","10":"gs-1","11":"gs-odd","12":"gs-even","13":"gs-featured-content-entry"},"jetpack_featured_media_url":"https:\/\/www.redenoticia.com.br\/noticia\/imagens\/economia-grafico.jpg","jetpack_sharing_enabled":true,"jetpack_likes_enabled":true,"_links":{"self":[{"href":"https:\/\/www.redenoticia.com.br\/noticia\/wp-json\/wp\/v2\/posts\/80234","targetHints":{"allow":["GET"]}}],"collection":[{"href":"https:\/\/www.redenoticia.com.br\/noticia\/wp-json\/wp\/v2\/posts"}],"about":[{"href":"https:\/\/www.redenoticia.com.br\/noticia\/wp-json\/wp\/v2\/types\/post"}],"author":[{"embeddable":true,"href":"https:\/\/www.redenoticia.com.br\/noticia\/wp-json\/wp\/v2\/users\/2"}],"replies":[{"embeddable":true,"href":"https:\/\/www.redenoticia.com.br\/noticia\/wp-json\/wp\/v2\/comments?post=80234"}],"version-history":[{"count":0,"href":"https:\/\/www.redenoticia.com.br\/noticia\/wp-json\/wp\/v2\/posts\/80234\/revisions"}],"wp:featuredmedia":[{"embeddable":true,"href":"https:\/\/www.redenoticia.com.br\/noticia\/wp-json\/wp\/v2\/media\/57583"}],"wp:attachment":[{"href":"https:\/\/www.redenoticia.com.br\/noticia\/wp-json\/wp\/v2\/media?parent=80234"}],"wp:term":[{"taxonomy":"category","embeddable":true,"href":"https:\/\/www.redenoticia.com.br\/noticia\/wp-json\/wp\/v2\/categories?post=80234"},{"taxonomy":"post_tag","embeddable":true,"href":"https:\/\/www.redenoticia.com.br\/noticia\/wp-json\/wp\/v2\/tags?post=80234"}],"curies":[{"name":"wp","href":"https:\/\/api.w.org\/{rel}","templated":true}]}}