{"id":80232,"date":"2016-01-27T07:11:00","date_gmt":"2016-01-27T09:11:00","guid":{"rendered":"http:\/\/www.redenoticia.com.br\/noticia\/?p=80232"},"modified":"2016-01-26T17:12:47","modified_gmt":"2016-01-26T19:12:47","slug":"custo-da-construcao-tem-aumento-de-032-em-janeiro","status":"publish","type":"post","link":"https:\/\/www.redenoticia.com.br\/noticia\/2016\/custo-da-construcao-tem-aumento-de-032-em-janeiro\/80232","title":{"rendered":"Custo da constru\u00e7\u00e3o tem aumento de 0,32% em janeiro"},"content":{"rendered":"<p> O \u00cdndice Nacional de <strong><em>Custo da Constru\u00e7\u00e3o do Mercado<\/em><\/strong> (INCC-M) iniciou o ano em alta ao atingir, neste m\u00eas de janeiro, varia\u00e7\u00e3o de 0,32%, ficando acima do registrado em dezembro passado (0,12%). Houve eleva\u00e7\u00f5es tanto no grupo de materiais, equipamentos e servi\u00e7os, que subiu de 0,23% para 0,52%, quanto no \u00edndice referente \u00e0 m\u00e3o de obra, que passou de 0,02% para 0,15%.<\/p>\n<p>Esses resultados referem-se \u00e0 coleta de pre\u00e7os no per\u00edodo de 21 de dezembro de 2015 ao \u00faltimo dia 20. O INCC-M \u00e9 calculado pelo Instituto Brasileiro de Economia (Ibre) da Funda\u00e7\u00e3o Getulio Vargas (FGV). No acumulado dos \u00faltimos 12 meses, o \u00edndice registra aumento de 6,82% . A taxa relativa a materiais, equipamentos e servi\u00e7os acumulou eleva\u00e7\u00e3o de 6,55% e a m\u00e3o de obra, de 7,06%.<\/p>\n<p>Neste m\u00eas de janeiro, o custo da m\u00e3o de obra foi influenciado pelo reajuste salarial do Recife e as antecipa\u00e7\u00f5es em Salvador. Das sete capitais onde \u00e9 feita a pesquisa, apenas o Rio de Janeiro apresentou queda no ritmo de reajuste, com alta de 0,2% ante 0,23%.<\/p>\n<p>Em Salvador, o \u00edndice subiu 0,61%, depois de uma estabilidade em dezembro. No Recife, a taxa passou de 0,02% para 1,13%; em Bras\u00edlia, de 0,13% para 0,17%; em Belo Horizonte, de 0,13% para 0,27%; em Porto Alegre, de 0,2% para 0,31%, e em S\u00e3o Paulo, de 0,11% para 0,25%.<\/p>\n<p> Marli Moreira &#8211; Rep\u00f3rter da Ag\u00eancia Brasil<br \/>\nEdi\u00e7\u00e3o: Gra\u00e7a Adjuto<br \/>\n26\/01\/2016<\/p>\n","protected":false},"excerpt":{"rendered":"<p>O \u00cdndice Nacional de Custo da Constru\u00e7\u00e3o do Mercado (INCC-M) iniciou o ano em alta ao atingir, neste m\u00eas de janeiro, varia\u00e7\u00e3o de 0,32%, ficando acima do registrado em dezembro passado (0,12%). Houve eleva\u00e7\u00f5es tanto no grupo de materiais, equipamentos e servi\u00e7os, que subiu de 0,23% para 0,52%, quanto no \u00edndice referente \u00e0 m\u00e3o de [&hellip;]<\/p>\n","protected":false},"author":2,"featured_media":40734,"comment_status":"open","ping_status":"closed","sticky":false,"template":"","format":"standard","meta":{"_genesis_hide_title":false,"_genesis_hide_breadcrumbs":false,"_genesis_hide_singular_image":false,"_genesis_hide_footer_widgets":false,"_genesis_custom_body_class":"","_genesis_custom_post_class":"","_genesis_layout":"","_jetpack_memberships_contains_paid_content":false,"footnotes":""},"categories":[22,7],"tags":[],"class_list":{"0":"post-80232","1":"post","2":"type-post","3":"status-publish","4":"format-standard","5":"has-post-thumbnail","7":"category-brasil","8":"category-economia","9":"entry","10":"gs-1","11":"gs-odd","12":"gs-even","13":"gs-featured-content-entry"},"jetpack_featured_media_url":"https:\/\/www.redenoticia.com.br\/noticia\/imagens\/economia-resultados.jpg","jetpack_sharing_enabled":true,"jetpack_likes_enabled":true,"_links":{"self":[{"href":"https:\/\/www.redenoticia.com.br\/noticia\/wp-json\/wp\/v2\/posts\/80232","targetHints":{"allow":["GET"]}}],"collection":[{"href":"https:\/\/www.redenoticia.com.br\/noticia\/wp-json\/wp\/v2\/posts"}],"about":[{"href":"https:\/\/www.redenoticia.com.br\/noticia\/wp-json\/wp\/v2\/types\/post"}],"author":[{"embeddable":true,"href":"https:\/\/www.redenoticia.com.br\/noticia\/wp-json\/wp\/v2\/users\/2"}],"replies":[{"embeddable":true,"href":"https:\/\/www.redenoticia.com.br\/noticia\/wp-json\/wp\/v2\/comments?post=80232"}],"version-history":[{"count":0,"href":"https:\/\/www.redenoticia.com.br\/noticia\/wp-json\/wp\/v2\/posts\/80232\/revisions"}],"wp:featuredmedia":[{"embeddable":true,"href":"https:\/\/www.redenoticia.com.br\/noticia\/wp-json\/wp\/v2\/media\/40734"}],"wp:attachment":[{"href":"https:\/\/www.redenoticia.com.br\/noticia\/wp-json\/wp\/v2\/media?parent=80232"}],"wp:term":[{"taxonomy":"category","embeddable":true,"href":"https:\/\/www.redenoticia.com.br\/noticia\/wp-json\/wp\/v2\/categories?post=80232"},{"taxonomy":"post_tag","embeddable":true,"href":"https:\/\/www.redenoticia.com.br\/noticia\/wp-json\/wp\/v2\/tags?post=80232"}],"curies":[{"name":"wp","href":"https:\/\/api.w.org\/{rel}","templated":true}]}}