{"id":80228,"date":"2016-01-27T07:06:00","date_gmt":"2016-01-27T09:06:00","guid":{"rendered":"http:\/\/www.redenoticia.com.br\/noticia\/?p=80228"},"modified":"2016-01-26T17:08:08","modified_gmt":"2016-01-26T19:08:08","slug":"pos-doutorado-em-genetica-molecular-na-usp-ribeirao-preto","status":"publish","type":"post","link":"https:\/\/www.redenoticia.com.br\/noticia\/2016\/pos-doutorado-em-genetica-molecular-na-usp-ribeirao-preto\/80228","title":{"rendered":"P\u00f3s-Doutorado em Gen\u00e9tica Molecular na USP Ribeir\u00e3o Preto"},"content":{"rendered":"<p> Ag\u00eancia FAPESP \u2013 Uma vaga de <strong><em>P\u00f3s-Doutorado com bolsa da FAPESP<\/em><\/strong> est\u00e1 dispon\u00edvel no Departamento de Gen\u00e9tica da Faculdade de Medicina de Ribeir\u00e3o Preto da Universidade de S\u00e3o Paulo (FMRP\/USP), com inscri\u00e7\u00f5es at\u00e9 10 de fevereiro.<\/p>\n<p>O bolsista selecionado atuar\u00e1 no Laborat\u00f3rio de Gen\u00e9tica e Biologia Molecular de Fungos, junto ao projeto &#8220;Envolvimento de fatores de transcri\u00e7\u00e3o e vias de sinaliza\u00e7\u00e3o celular na adapta\u00e7\u00e3o a varia\u00e7\u00f5es ambientais e na patogenicidade&#8221;.<\/p>\n<p>O objetivo central da pesquisa \u00e9 entender os processos envolvidos na sinaliza\u00e7\u00e3o ambiental e os mecanismos moleculares envolvidos na regula\u00e7\u00e3o e na modula\u00e7\u00e3o da express\u00e3o g\u00eanica que permitem aos fungos sobreviver a ambientes estressantes, como pH extremos e priva\u00e7\u00e3o de nutrientes.<\/p>\n<p>O projeto est\u00e1 inserido no escopo do Projeto Tem\u00e1tico, coordenado pela professora Nilce Maria Martinez-Rossi.<\/p>\n<p>\u00c9 preciso ter doutorado em Bioqu\u00edmica, Gen\u00e9tica, Microbiologia, Biologia Molecular ou \u00e1reas relacionadas, conclu\u00eddo nos \u00faltimos cinco anos. Tamb\u00e9m \u00e9 necess\u00e1ria experi\u00eancia em microbiologia e t\u00e9cnicas de biologia molecular (extra\u00e7\u00e3o de RNA, preparo de bibliotecas, an\u00e1lises de express\u00e3o g\u00eanica por RNAseq e RT-PCR).<\/p>\n<p>Candidatos com experi\u00eancia comprovada em biologia molecular de microrganismos ter\u00e3o prefer\u00eancia. S\u00e3o desej\u00e1veis ainda conhecimentos em an\u00e1lise enzim\u00e1tica e an\u00e1lise computacional de sequ\u00eancias em larga escala.<\/p>\n<p>Candidatos interessados devem entrar em contato com o professor Antonio Rossi (anrossi@usp.br), anexando carta de apresenta\u00e7\u00e3o, curr\u00edculo com lista de publica\u00e7\u00f5es, c\u00f3pia do diploma de doutorado e\/ou documento que comprove a obten\u00e7\u00e3o do t\u00edtulo de doutor e duas cartas de recomenda\u00e7\u00e3o.<\/p>\n<p>A oportunidade est\u00e1 publicada no endere\u00e7o .<\/p>\n<p>O selecionado receber\u00e1 bolsa de P\u00f3s-Doutorado da FAPESP no valor de R$ 6.143,40 mensais e Reserva T\u00e9cnica. A Reserva T\u00e9cnica da bolsa de PD equivale a 15% do valor anual da bolsa e tem o objetivo de atender a despesas imprevistas e diretamente relacionadas \u00e0 atividade de pesquisa.<\/p>\n<p>Caso o bolsista resida em domic\u00edlio diferente e precise se mudar para a cidade onde se localiza a institui\u00e7\u00e3o sede da pesquisa, poder\u00e1 ter direito a um Aux\u00edlio-Instala\u00e7\u00e3o.<\/p>\n<p>Mais informa\u00e7\u00f5es sobre a bolsa de P\u00f3s-Doutorado da FAPESP est\u00e3o dispon\u00edveis em .<\/p>\n<p>Outras vagas de bolsas de P\u00f3s-Doutorado, em diversas \u00e1reas do conhecimento, est\u00e3o no site .<\/p>\n","protected":false},"excerpt":{"rendered":"<p>Ag\u00eancia FAPESP \u2013 Uma vaga de P\u00f3s-Doutorado com bolsa da FAPESP est\u00e1 dispon\u00edvel no Departamento de Gen\u00e9tica da Faculdade de Medicina de Ribeir\u00e3o Preto da Universidade de S\u00e3o Paulo (FMRP\/USP), com inscri\u00e7\u00f5es at\u00e9 10 de fevereiro. O bolsista selecionado atuar\u00e1 no Laborat\u00f3rio de Gen\u00e9tica e Biologia Molecular de Fungos, junto ao projeto &#8220;Envolvimento de fatores [&hellip;]<\/p>\n","protected":false},"author":2,"featured_media":36246,"comment_status":"open","ping_status":"closed","sticky":false,"template":"","format":"standard","meta":{"_genesis_hide_title":false,"_genesis_hide_breadcrumbs":false,"_genesis_hide_singular_image":false,"_genesis_hide_footer_widgets":false,"_genesis_custom_body_class":"","_genesis_custom_post_class":"","_genesis_layout":"","_jetpack_memberships_contains_paid_content":false,"footnotes":""},"categories":[22,351,370],"tags":[],"class_list":{"0":"post-80228","1":"post","2":"type-post","3":"status-publish","4":"format-standard","5":"has-post-thumbnail","7":"category-brasil","8":"category-cursos","9":"category-inscricao","10":"entry","11":"gs-1","12":"gs-odd","13":"gs-even","14":"gs-featured-content-entry"},"jetpack_featured_media_url":"https:\/\/www.redenoticia.com.br\/noticia\/imagens\/professor-a.jpg","jetpack_sharing_enabled":true,"jetpack_likes_enabled":true,"_links":{"self":[{"href":"https:\/\/www.redenoticia.com.br\/noticia\/wp-json\/wp\/v2\/posts\/80228","targetHints":{"allow":["GET"]}}],"collection":[{"href":"https:\/\/www.redenoticia.com.br\/noticia\/wp-json\/wp\/v2\/posts"}],"about":[{"href":"https:\/\/www.redenoticia.com.br\/noticia\/wp-json\/wp\/v2\/types\/post"}],"author":[{"embeddable":true,"href":"https:\/\/www.redenoticia.com.br\/noticia\/wp-json\/wp\/v2\/users\/2"}],"replies":[{"embeddable":true,"href":"https:\/\/www.redenoticia.com.br\/noticia\/wp-json\/wp\/v2\/comments?post=80228"}],"version-history":[{"count":0,"href":"https:\/\/www.redenoticia.com.br\/noticia\/wp-json\/wp\/v2\/posts\/80228\/revisions"}],"wp:featuredmedia":[{"embeddable":true,"href":"https:\/\/www.redenoticia.com.br\/noticia\/wp-json\/wp\/v2\/media\/36246"}],"wp:attachment":[{"href":"https:\/\/www.redenoticia.com.br\/noticia\/wp-json\/wp\/v2\/media?parent=80228"}],"wp:term":[{"taxonomy":"category","embeddable":true,"href":"https:\/\/www.redenoticia.com.br\/noticia\/wp-json\/wp\/v2\/categories?post=80228"},{"taxonomy":"post_tag","embeddable":true,"href":"https:\/\/www.redenoticia.com.br\/noticia\/wp-json\/wp\/v2\/tags?post=80228"}],"curies":[{"name":"wp","href":"https:\/\/api.w.org\/{rel}","templated":true}]}}