{"id":80200,"date":"2016-01-26T07:32:39","date_gmt":"2016-01-26T09:32:39","guid":{"rendered":"http:\/\/www.redenoticia.com.br\/noticia\/?p=80200"},"modified":"2016-01-25T19:33:33","modified_gmt":"2016-01-25T21:33:33","slug":"desembolsos-do-bndes-caem-28-em-2015","status":"publish","type":"post","link":"https:\/\/www.redenoticia.com.br\/noticia\/2016\/desembolsos-do-bndes-caem-28-em-2015\/80200","title":{"rendered":"Desembolsos do BNDES caem 28% em 2015"},"content":{"rendered":"<p>  Os desembolsos do Banco Nacional de Desenvolvimento Econ\u00f4mico e Social (<strong><em>BNDES<\/em><\/strong>) somaram R$ 136 bilh\u00f5es, no ano passado, revelando queda de 28% em compara\u00e7\u00e3o \u00e0s libera\u00e7\u00f5es de recursos para projetos do setor produtivo feitas em 2014. Os n\u00fameros foram divulgados pela institui\u00e7\u00e3o.<\/p>\n<p>Segundo informou a assessoria de imprensa do BNDES, o resultado evidencia a desacelera\u00e7\u00e3o da demanda por novos investimentos, em decorr\u00eancia da pol\u00edtica de ajuste fiscal adotada pelo governo.<\/p>\n<p>Do montante desembolsado em 2015, a maior parte (R$ 54,9 bilh\u00f5es ou o correspondente a 40,4% do total) foi destinada ao setor de infraestrutura. Em seguida, aparecem os setores da ind\u00fastria, com  R$ 36,9 bilh\u00f5es (27,1% do total); com\u00e9rcio e servi\u00e7os (R$ 30,4 bilh\u00f5es, ou 22,4%) e agropecu\u00e1ria (R$ 13,7 bi, ou 10,1%).<\/p>\n<p>Tamb\u00e9m as aprova\u00e7\u00f5es e as consultas para obten\u00e7\u00e3o de financiamento do banco ca\u00edram em rela\u00e7\u00e3o ao ano anterior. Elas alcan\u00e7aram, respectivamente, valores de R$ 109,5 bilh\u00f5es e R$ 124,6 bilh\u00f5es, mostrando retra\u00e7\u00e3o de 47% cada sobre 2014.<\/p>\n<p>O BNDES informou que, mesmo diante do cen\u00e1rio econ\u00f4mico restritivo no pa\u00eds, conseguiu manter apoio para \u00e1reas consideradas essenciais, como energia el\u00e9trica e log\u00edstica de transporte, que receberam R$ 21,9 bilh\u00f5es e R$ 20 bilh\u00f5es, com alta de 15% e 8%, respectivamente.<\/p>\n<p>Dentro do segmento de energia, os desembolsos para projetos e\u00f3licos (gera\u00e7\u00e3o de energia pelos ventos) apresentaram incremento de 85%, passando de R$ 3,3 bilh\u00f5es, em 2014, para R$ 6,1 bilh\u00f5es, no ano passado. J\u00e1 na \u00e1rea de log\u00edstica, as libera\u00e7\u00f5es para projetos de mobilidade urbana (R$ 8,5 bilh\u00f5es) mostraram expans\u00e3o de 30% ante os R$ 6 bilh\u00f5es desembolsados em 2014.<\/p>\n<p> Alana Gandra &#8211; Rep\u00f3rter da Ag\u00eancia Brasil<br \/>\nEdi\u00e7\u00e3o: Maria Claudia<br \/>\n25\/01\/2016<\/p>\n","protected":false},"excerpt":{"rendered":"<p>Os desembolsos do Banco Nacional de Desenvolvimento Econ\u00f4mico e Social (BNDES) somaram R$ 136 bilh\u00f5es, no ano passado, revelando queda de 28% em compara\u00e7\u00e3o \u00e0s libera\u00e7\u00f5es de recursos para projetos do setor produtivo feitas em 2014. Os n\u00fameros foram divulgados pela institui\u00e7\u00e3o. Segundo informou a assessoria de imprensa do BNDES, o resultado evidencia a desacelera\u00e7\u00e3o [&hellip;]<\/p>\n","protected":false},"author":2,"featured_media":38938,"comment_status":"open","ping_status":"closed","sticky":false,"template":"","format":"standard","meta":{"_genesis_hide_title":false,"_genesis_hide_breadcrumbs":false,"_genesis_hide_singular_image":false,"_genesis_hide_footer_widgets":false,"_genesis_custom_body_class":"","_genesis_custom_post_class":"","_genesis_layout":"","_jetpack_memberships_contains_paid_content":false,"footnotes":""},"categories":[22,7],"tags":[],"class_list":{"0":"post-80200","1":"post","2":"type-post","3":"status-publish","4":"format-standard","5":"has-post-thumbnail","7":"category-brasil","8":"category-economia","9":"entry","10":"gs-1","11":"gs-odd","12":"gs-even","13":"gs-featured-content-entry"},"jetpack_featured_media_url":"https:\/\/www.redenoticia.com.br\/noticia\/imagens\/economia1.jpg","jetpack_sharing_enabled":true,"jetpack_likes_enabled":true,"_links":{"self":[{"href":"https:\/\/www.redenoticia.com.br\/noticia\/wp-json\/wp\/v2\/posts\/80200","targetHints":{"allow":["GET"]}}],"collection":[{"href":"https:\/\/www.redenoticia.com.br\/noticia\/wp-json\/wp\/v2\/posts"}],"about":[{"href":"https:\/\/www.redenoticia.com.br\/noticia\/wp-json\/wp\/v2\/types\/post"}],"author":[{"embeddable":true,"href":"https:\/\/www.redenoticia.com.br\/noticia\/wp-json\/wp\/v2\/users\/2"}],"replies":[{"embeddable":true,"href":"https:\/\/www.redenoticia.com.br\/noticia\/wp-json\/wp\/v2\/comments?post=80200"}],"version-history":[{"count":0,"href":"https:\/\/www.redenoticia.com.br\/noticia\/wp-json\/wp\/v2\/posts\/80200\/revisions"}],"wp:featuredmedia":[{"embeddable":true,"href":"https:\/\/www.redenoticia.com.br\/noticia\/wp-json\/wp\/v2\/media\/38938"}],"wp:attachment":[{"href":"https:\/\/www.redenoticia.com.br\/noticia\/wp-json\/wp\/v2\/media?parent=80200"}],"wp:term":[{"taxonomy":"category","embeddable":true,"href":"https:\/\/www.redenoticia.com.br\/noticia\/wp-json\/wp\/v2\/categories?post=80200"},{"taxonomy":"post_tag","embeddable":true,"href":"https:\/\/www.redenoticia.com.br\/noticia\/wp-json\/wp\/v2\/tags?post=80200"}],"curies":[{"name":"wp","href":"https:\/\/api.w.org\/{rel}","templated":true}]}}