{"id":80198,"date":"2016-01-26T07:31:25","date_gmt":"2016-01-26T09:31:25","guid":{"rendered":"http:\/\/www.redenoticia.com.br\/noticia\/?p=80198"},"modified":"2016-01-25T19:32:35","modified_gmt":"2016-01-25T21:32:35","slug":"contribuinte-tera-de-incluir-na-declaracao-cpf-de-dependente-a-partir-de-14-anos","status":"publish","type":"post","link":"https:\/\/www.redenoticia.com.br\/noticia\/2016\/contribuinte-tera-de-incluir-na-declaracao-cpf-de-dependente-a-partir-de-14-anos\/80198","title":{"rendered":"Contribuinte ter\u00e1 de incluir na declara\u00e7\u00e3o CPF de dependente a partir de 14 anos"},"content":{"rendered":"<p> Os contribuintes ter\u00e3o de incluir na Declara\u00e7\u00e3o do Imposto de Renda da Pessoa F\u00edsica (DIRPF) o n\u00famero do <strong><em>CPF dos dependentes<\/em><\/strong> com idade a partir de 14 anos. A novidade est\u00e1 na Instru\u00e7\u00e3o Normativa 1610, publicada no Di\u00e1rio Oficial da Uni\u00e3o.<\/p>\n<p>Antes da mudan\u00e7a, a idade de obrigatoriedade do CPF na declara\u00e7\u00e3o do Imposto de Renda estava estabelecida em 16 anos ou mais. De acordo com a instru\u00e7\u00e3o normativa, a nova regra vale a partir de hoje , data da publica\u00e7\u00e3o do texto, e deve ser respeitada na declara\u00e7\u00e3o deste ano.<\/p>\n<p>O per\u00edodo de entrega da declara\u00e7\u00e3o do IR deve ocorrer a partir de mar\u00e7o, com o fim do prazo previsto para 29 de abril, mas o contribuinte pode come\u00e7ar a fazer o rascunho . De acordo com a Receita, a procura pelo rascunho da declara\u00e7\u00e3o quase triplicou em 2016 em rela\u00e7\u00e3o ao ano passado.<\/p>\n<p>A Receita informou que 174,8 mil contribuintes baixaram a ferramenta desde que ela foi lan\u00e7ada, h\u00e1 seis meses. O n\u00famero representa um salto de 153% em rela\u00e7\u00e3o aos 69 mil contribuintes que usaram o rascunho em 2015.<\/p>\n<p>A redu\u00e7\u00e3o da  idade obrigat\u00f3ria de inscri\u00e7\u00e3o no CPF para dependentes constantes da Declara\u00e7\u00e3o do Imposto de Renda Pessoas F\u00edsica reduz  o  risco  de  fraudes  relacionadas  \u00e0 inclus\u00e3o de dependentes  fict\u00edcios e tamb\u00e9m de um mesmo dependente em mais de uma declara\u00e7\u00e3o.<\/p>\n<p>Daniel Lima &#8211; Rep\u00f3rter da Ag\u00eancia Brasil<br \/>\nEdi\u00e7\u00e3o: Gra\u00e7a Adjuto<br \/>\n25\/01\/2016 <\/p>\n","protected":false},"excerpt":{"rendered":"<p>Os contribuintes ter\u00e3o de incluir na Declara\u00e7\u00e3o do Imposto de Renda da Pessoa F\u00edsica (DIRPF) o n\u00famero do CPF dos dependentes com idade a partir de 14 anos. A novidade est\u00e1 na Instru\u00e7\u00e3o Normativa 1610, publicada no Di\u00e1rio Oficial da Uni\u00e3o. Antes da mudan\u00e7a, a idade de obrigatoriedade do CPF na declara\u00e7\u00e3o do Imposto de [&hellip;]<\/p>\n","protected":false},"author":2,"featured_media":23889,"comment_status":"open","ping_status":"closed","sticky":false,"template":"","format":"standard","meta":{"_genesis_hide_title":false,"_genesis_hide_breadcrumbs":false,"_genesis_hide_singular_image":false,"_genesis_hide_footer_widgets":false,"_genesis_custom_body_class":"","_genesis_custom_post_class":"","_genesis_layout":"","_jetpack_memberships_contains_paid_content":false,"footnotes":""},"categories":[22,7],"tags":[],"class_list":{"0":"post-80198","1":"post","2":"type-post","3":"status-publish","4":"format-standard","5":"has-post-thumbnail","7":"category-brasil","8":"category-economia","9":"entry","10":"gs-1","11":"gs-odd","12":"gs-even","13":"gs-featured-content-entry"},"jetpack_featured_media_url":"https:\/\/www.redenoticia.com.br\/noticia\/imagens\/receita-federal-irpf-2010.jpg","jetpack_sharing_enabled":true,"jetpack_likes_enabled":true,"_links":{"self":[{"href":"https:\/\/www.redenoticia.com.br\/noticia\/wp-json\/wp\/v2\/posts\/80198","targetHints":{"allow":["GET"]}}],"collection":[{"href":"https:\/\/www.redenoticia.com.br\/noticia\/wp-json\/wp\/v2\/posts"}],"about":[{"href":"https:\/\/www.redenoticia.com.br\/noticia\/wp-json\/wp\/v2\/types\/post"}],"author":[{"embeddable":true,"href":"https:\/\/www.redenoticia.com.br\/noticia\/wp-json\/wp\/v2\/users\/2"}],"replies":[{"embeddable":true,"href":"https:\/\/www.redenoticia.com.br\/noticia\/wp-json\/wp\/v2\/comments?post=80198"}],"version-history":[{"count":0,"href":"https:\/\/www.redenoticia.com.br\/noticia\/wp-json\/wp\/v2\/posts\/80198\/revisions"}],"wp:featuredmedia":[{"embeddable":true,"href":"https:\/\/www.redenoticia.com.br\/noticia\/wp-json\/wp\/v2\/media\/23889"}],"wp:attachment":[{"href":"https:\/\/www.redenoticia.com.br\/noticia\/wp-json\/wp\/v2\/media?parent=80198"}],"wp:term":[{"taxonomy":"category","embeddable":true,"href":"https:\/\/www.redenoticia.com.br\/noticia\/wp-json\/wp\/v2\/categories?post=80198"},{"taxonomy":"post_tag","embeddable":true,"href":"https:\/\/www.redenoticia.com.br\/noticia\/wp-json\/wp\/v2\/tags?post=80198"}],"curies":[{"name":"wp","href":"https:\/\/api.w.org\/{rel}","templated":true}]}}