{"id":80194,"date":"2016-01-26T07:28:53","date_gmt":"2016-01-26T09:28:53","guid":{"rendered":"http:\/\/www.redenoticia.com.br\/noticia\/?p=80194"},"modified":"2016-01-25T19:28:55","modified_gmt":"2016-01-25T21:28:55","slug":"fies-abre-inscricoes","status":"publish","type":"post","link":"https:\/\/www.redenoticia.com.br\/noticia\/2016\/fies-abre-inscricoes\/80194","title":{"rendered":"Fies abre inscri\u00e7\u00f5es"},"content":{"rendered":"<p> As inscri\u00e7\u00f5es para o processo seletivo do Fundo de Financiamento Estudantil (<strong><em>Fies<\/em><\/strong>) do primeiro semestre deste ano er\u00e3o feitas exclusivamente pela internet, no site do Fies, at\u00e9 o dia 29. O Fies financia cursos superiores n\u00e3o gratuitos com avalia\u00e7\u00e3o positiva. O Minist\u00e9rio da Educa\u00e7\u00e3o (MEC) ainda n\u00e3o divulgou o n\u00famero de financiamentos dispon\u00edveis para esta edi\u00e7\u00e3o.<\/p>\n<p>Pode se inscrever no processo seletivo do Fies o estudante que tenha participado do Exame Nacional do Ensino M\u00e9dio (Enem), a partir de 2010, e obtido pelo menos 450 pontos na m\u00e9dia das provas. O candidato n\u00e3o pode ter tirado 0 na reda\u00e7\u00e3o do Enem. Al\u00e9m disso, precisa ter renda familiar mensal bruta per capita de at\u00e9 2,5 sal\u00e1rios m\u00ednimos (R$ 2.200).<\/p>\n<p>O interessado em obter o financiamento poder\u00e1 se inscrever em um \u00fanico curso e turno entre aqueles com vagas ofertadas. Durante o per\u00edodo de inscri\u00e7\u00e3o, ele poder\u00e1 alterar sua op\u00e7\u00e3o de vaga, bem como fazer o cancelamento. Os estudantes ser\u00e3o classificados de acordo com as notas no Enem na edi\u00e7\u00e3o em que tiver obtido a maior m\u00e9dia.<\/p>\n<p>Lista de espera<\/p>\n<p>O processo seletivo do Fies referente ao primeiro semestre de 2016 ter\u00e1 chamada \u00fanica e lista de espera.<\/p>\n<p>Os estudantes que n\u00e3o forem pr\u00e9-selecionados na chamada \u00fanica ser\u00e3o inclu\u00eddos na lista de espera para o preenchimento das vagas eventualmente n\u00e3o ocupadas. O resultado da pr\u00e9-sele\u00e7\u00e3o na chamada \u00fanica e a lista de espera ser\u00e3o divulgados no dia 1\u00ba de fevereiro.<\/p>\n<p> Yara Aquino \u2013 Rep\u00f3rter da Ag\u00eancia Brasil<br \/>\nEdi\u00e7\u00e3o: N\u00e1dia Franco<br \/>\n25\/01\/2016<\/p>\n","protected":false},"excerpt":{"rendered":"<p>As inscri\u00e7\u00f5es para o processo seletivo do Fundo de Financiamento Estudantil (Fies) do primeiro semestre deste ano er\u00e3o feitas exclusivamente pela internet, no site do Fies, at\u00e9 o dia 29. O Fies financia cursos superiores n\u00e3o gratuitos com avalia\u00e7\u00e3o positiva. O Minist\u00e9rio da Educa\u00e7\u00e3o (MEC) ainda n\u00e3o divulgou o n\u00famero de financiamentos dispon\u00edveis para esta [&hellip;]<\/p>\n","protected":false},"author":2,"featured_media":26465,"comment_status":"open","ping_status":"closed","sticky":false,"template":"","format":"standard","meta":{"_genesis_hide_title":false,"_genesis_hide_breadcrumbs":false,"_genesis_hide_singular_image":false,"_genesis_hide_footer_widgets":false,"_genesis_custom_body_class":"","_genesis_custom_post_class":"","_genesis_layout":"","_jetpack_memberships_contains_paid_content":false,"footnotes":""},"categories":[22],"tags":[],"class_list":{"0":"post-80194","1":"post","2":"type-post","3":"status-publish","4":"format-standard","5":"has-post-thumbnail","7":"category-brasil","8":"entry","9":"gs-1","10":"gs-odd","11":"gs-even","12":"gs-featured-content-entry"},"jetpack_featured_media_url":"https:\/\/www.redenoticia.com.br\/noticia\/imagens\/fies-financiamento-estudantil-inscricao-resultado.jpg","jetpack_sharing_enabled":true,"jetpack_likes_enabled":true,"_links":{"self":[{"href":"https:\/\/www.redenoticia.com.br\/noticia\/wp-json\/wp\/v2\/posts\/80194","targetHints":{"allow":["GET"]}}],"collection":[{"href":"https:\/\/www.redenoticia.com.br\/noticia\/wp-json\/wp\/v2\/posts"}],"about":[{"href":"https:\/\/www.redenoticia.com.br\/noticia\/wp-json\/wp\/v2\/types\/post"}],"author":[{"embeddable":true,"href":"https:\/\/www.redenoticia.com.br\/noticia\/wp-json\/wp\/v2\/users\/2"}],"replies":[{"embeddable":true,"href":"https:\/\/www.redenoticia.com.br\/noticia\/wp-json\/wp\/v2\/comments?post=80194"}],"version-history":[{"count":0,"href":"https:\/\/www.redenoticia.com.br\/noticia\/wp-json\/wp\/v2\/posts\/80194\/revisions"}],"wp:featuredmedia":[{"embeddable":true,"href":"https:\/\/www.redenoticia.com.br\/noticia\/wp-json\/wp\/v2\/media\/26465"}],"wp:attachment":[{"href":"https:\/\/www.redenoticia.com.br\/noticia\/wp-json\/wp\/v2\/media?parent=80194"}],"wp:term":[{"taxonomy":"category","embeddable":true,"href":"https:\/\/www.redenoticia.com.br\/noticia\/wp-json\/wp\/v2\/categories?post=80194"},{"taxonomy":"post_tag","embeddable":true,"href":"https:\/\/www.redenoticia.com.br\/noticia\/wp-json\/wp\/v2\/tags?post=80194"}],"curies":[{"name":"wp","href":"https:\/\/api.w.org\/{rel}","templated":true}]}}