{"id":80192,"date":"2016-01-26T07:27:44","date_gmt":"2016-01-26T09:27:44","guid":{"rendered":"http:\/\/www.redenoticia.com.br\/noticia\/?p=80192"},"modified":"2016-01-25T19:29:11","modified_gmt":"2016-01-25T21:29:11","slug":"lista-de-pre-selecionados-no-prouni-ja-esta-disponivel-na-internet","status":"publish","type":"post","link":"https:\/\/www.redenoticia.com.br\/noticia\/2016\/lista-de-pre-selecionados-no-prouni-ja-esta-disponivel-na-internet\/80192","title":{"rendered":"Lista de pr\u00e9-selecionados no ProUni j\u00e1 est\u00e1 dispon\u00edvel na internet"},"content":{"rendered":"<p> A lista com os nomes dos candidatos pr\u00e9-selecionados a bolsas do Programa Universidade para Todos (<strong><em>ProUni<\/em><\/strong>) j\u00e1 est\u00e1 dispon\u00edvel na internet. O resultado da primeira chamada pode ser acessado na p\u00e1gina do programa, na Central de Atendimento, pelo telefone 0800-616161, e nas institui\u00e7\u00f5es de ensino participantes.<\/p>\n<p>O estudante deve comparecer at\u00e9 o dia 1\u00ba de fevereiro na institui\u00e7\u00e3o para a qual foi pr\u00e9-selecionado e comprovar as informa\u00e7\u00f5es prestadas na ficha de inscri\u00e7\u00e3o. A perda do prazo ou n\u00e3o comprova\u00e7\u00e3o das informa\u00e7\u00f5es implicar\u00e1, automaticamente, reprova\u00e7\u00e3o do candidato.<\/p>\n<p>A segunda chamada ser\u00e1 divulgado no dia 12 de fevereiro, e a comprova\u00e7\u00e3o das informa\u00e7\u00f5es dos pr\u00e9-selecionados nesta etapa dever\u00e1 ser feita at\u00e9 18 de fevereiro. Quem n\u00e3o for pr\u00e9-selecionado em nenhuma das duas chamadas poder\u00e1 entrar na lista de espera, exclusivamente para o curso correspondente \u00e0 primeira op\u00e7\u00e3o. O interesse em participar da lista de espera deve ser manifestado pelo candidato entre 26 a 29 de fevereiro de 2016, na p\u00e1gina do ProUni.<\/p>\n<p>Por meio do programa, estudantes concorrem a bolsas de estudos parciais e integrais em institui\u00e7\u00f5es particulares de educa\u00e7\u00e3o superior, com base na nota do Exame Nacional do Ensino M\u00e9dio (Enem). Nesta primeira edi\u00e7\u00e3o de 2016, o programa ofertou 203.602 bolsas para 30.931 cursos.<\/p>\n<p> Andreia Verd\u00e9lio \u2013 Rep\u00f3rter da Ag\u00eancia Brasil<br \/>\nEdi\u00e7\u00e3o: Talita Cavalcante<br \/>\n25\/01\/2016<\/p>\n","protected":false},"excerpt":{"rendered":"<p>A lista com os nomes dos candidatos pr\u00e9-selecionados a bolsas do Programa Universidade para Todos (ProUni) j\u00e1 est\u00e1 dispon\u00edvel na internet. O resultado da primeira chamada pode ser acessado na p\u00e1gina do programa, na Central de Atendimento, pelo telefone 0800-616161, e nas institui\u00e7\u00f5es de ensino participantes. O estudante deve comparecer at\u00e9 o dia 1\u00ba de [&hellip;]<\/p>\n","protected":false},"author":2,"featured_media":23011,"comment_status":"open","ping_status":"closed","sticky":false,"template":"","format":"standard","meta":{"_genesis_hide_title":false,"_genesis_hide_breadcrumbs":false,"_genesis_hide_singular_image":false,"_genesis_hide_footer_widgets":false,"_genesis_custom_body_class":"","_genesis_custom_post_class":"","_genesis_layout":"","_jetpack_memberships_contains_paid_content":false,"footnotes":""},"categories":[22],"tags":[],"class_list":{"0":"post-80192","1":"post","2":"type-post","3":"status-publish","4":"format-standard","5":"has-post-thumbnail","7":"category-brasil","8":"entry","9":"gs-1","10":"gs-odd","11":"gs-even","12":"gs-featured-content-entry"},"jetpack_featured_media_url":"https:\/\/www.redenoticia.com.br\/noticia\/imagens\/prouni-inscricao.jpg","jetpack_sharing_enabled":true,"jetpack_likes_enabled":true,"_links":{"self":[{"href":"https:\/\/www.redenoticia.com.br\/noticia\/wp-json\/wp\/v2\/posts\/80192","targetHints":{"allow":["GET"]}}],"collection":[{"href":"https:\/\/www.redenoticia.com.br\/noticia\/wp-json\/wp\/v2\/posts"}],"about":[{"href":"https:\/\/www.redenoticia.com.br\/noticia\/wp-json\/wp\/v2\/types\/post"}],"author":[{"embeddable":true,"href":"https:\/\/www.redenoticia.com.br\/noticia\/wp-json\/wp\/v2\/users\/2"}],"replies":[{"embeddable":true,"href":"https:\/\/www.redenoticia.com.br\/noticia\/wp-json\/wp\/v2\/comments?post=80192"}],"version-history":[{"count":0,"href":"https:\/\/www.redenoticia.com.br\/noticia\/wp-json\/wp\/v2\/posts\/80192\/revisions"}],"wp:featuredmedia":[{"embeddable":true,"href":"https:\/\/www.redenoticia.com.br\/noticia\/wp-json\/wp\/v2\/media\/23011"}],"wp:attachment":[{"href":"https:\/\/www.redenoticia.com.br\/noticia\/wp-json\/wp\/v2\/media?parent=80192"}],"wp:term":[{"taxonomy":"category","embeddable":true,"href":"https:\/\/www.redenoticia.com.br\/noticia\/wp-json\/wp\/v2\/categories?post=80192"},{"taxonomy":"post_tag","embeddable":true,"href":"https:\/\/www.redenoticia.com.br\/noticia\/wp-json\/wp\/v2\/tags?post=80192"}],"curies":[{"name":"wp","href":"https:\/\/api.w.org\/{rel}","templated":true}]}}