{"id":80190,"date":"2016-01-26T07:25:04","date_gmt":"2016-01-26T09:25:04","guid":{"rendered":"http:\/\/www.redenoticia.com.br\/noticia\/?p=80190"},"modified":"2016-01-25T19:26:37","modified_gmt":"2016-01-25T21:26:37","slug":"programacao-de-ferias-zoo-sp-em-2016","status":"publish","type":"post","link":"https:\/\/www.redenoticia.com.br\/noticia\/2016\/programacao-de-ferias-zoo-sp-em-2016\/80190","title":{"rendered":"Programa\u00e7\u00e3o de f\u00e9rias Zoo SP em 2016"},"content":{"rendered":"<p>Apresenta\u00e7\u00f5es di\u00e1rias no Espa\u00e7o Bicho, atividades did\u00e1ticas sobre os r\u00e9pteis e teatro de fantoches na Arena Cultural s\u00e3o algumas das atra\u00e7\u00f5es da programa\u00e7\u00e3o especial de f\u00e9rias do <em><strong>Zool\u00f3gico de S\u00e3o Paulo<\/strong> <\/em>durante todo o m\u00eas de janeiro.<\/p>\n<p>O p\u00fablico ainda pode conferir\u00a0,\u00a0inaugurados em dezembro de 2015.<\/p>\n<p>Estrutura do Zoo<br \/>\nContando com a Fazenda em Ara\u00e7oiaba da Serra e o anexo conhecido como Simba Safari, o Zoo SP abriga mais de tr\u00eas mil esp\u00e9cies de animais no plantel,\u00a0entre aves, r\u00e9pteis, mam\u00edferos, anf\u00edbios e invertebrados, sendo 500 esp\u00e9cies (veja V\u00cdDEO ao lado).<\/p>\n<p>Cada um com estilo de vida diferente, costumes, alimenta\u00e7\u00e3o e comportamentos, o que torna a ida ao lugar um passeio educacional e totalmente interativo. Adultos e crian\u00e7as podem aprender, e muito, com essa experi\u00eancia.<\/p>\n<p>Ci\u00eancia e Pesquisa<br \/>\nPara cuidar dessa extensa fauna, s\u00f3 no Departamento de Pesquisas Aplicadas s\u00e3o mais de 145 projetos realizados em parcerias com outros institutos que visam a conserva\u00e7\u00e3o das esp\u00e9cies e do meio ambiente.<\/p>\n<p>Educa\u00e7\u00e3o ambiental<br \/>\nAl\u00e9m disso, diariamente s\u00e3o realizadas apresenta\u00e7\u00f5es did\u00e1ticas com diferentes esp\u00e9cies de animais em cen\u00e1rios que representam seus habitats naturais. \u00c9 poss\u00edvel, inclusive, realizar\u00a0\u00a0com\u00a0roteiros distintos, adequados \u00e0 faixa et\u00e1ria e \u00e0s perspectivas dos visitantes.<\/p>\n<p>Informa\u00e7\u00f5es gerais<br \/>\nDesde a funda\u00e7\u00e3o, em 1958, j\u00e1 passaram pelas depend\u00eancias do Parque Zool\u00f3gico pelo menos 85 milh\u00f5es de pessoas. As instala\u00e7\u00f5es t\u00eam uma \u00e1rea total de 824.529 m\u00b2 de Mata Atl\u00e2ntica, que ainda abriga animais nativos &#8211; complementando, assim, a variedade de esp\u00e9cies. Ainda h\u00e1 nascentes do riacho Ipiranga e uma rica flora.<\/p>\n<p>SERVI\u00c7O<br \/>\nParque Zool\u00f3gico de S\u00e3o Paulo &#8211; programa\u00e7\u00e3o de f\u00e9rias<br \/>\nQuando: m\u00eas de janeiro<br \/>\nAvenida Miguel St\u00e9fano, 4.241, \u00c1gua Funda, S\u00e3o Paulo<br \/>\n(11) 5073-0811<br \/>\nPre\u00e7o: R$ 30,50 (adultos) e R$ 15,50 (de 6 at\u00e9 12 anos). Menores de 5 anos n\u00e3o pagam<br \/>\nEstacionamento para \u00f4nibus e ve\u00edculos de passeio: em frente a Bilheteria Principal<br \/>\nAos que forem de transporte p\u00fablico, h\u00e1 um transfer com valor integrado (Bilhete do \u00f4nibus + ingresso) com partidas e regressos do Metr\u00f4 Jabaquara<\/p>\n<p>Do Portal do Governo do Estado SP<\/p>\n","protected":false},"excerpt":{"rendered":"<p>Apresenta\u00e7\u00f5es di\u00e1rias no Espa\u00e7o Bicho, atividades did\u00e1ticas sobre os r\u00e9pteis e teatro de fantoches na Arena Cultural s\u00e3o algumas das atra\u00e7\u00f5es da programa\u00e7\u00e3o especial de f\u00e9rias do Zool\u00f3gico de S\u00e3o Paulo durante todo o m\u00eas de janeiro. O p\u00fablico ainda pode conferir\u00a0,\u00a0inaugurados em dezembro de 2015. Estrutura do Zoo Contando com a Fazenda em Ara\u00e7oiaba [&hellip;]<\/p>\n","protected":false},"author":2,"featured_media":28951,"comment_status":"open","ping_status":"closed","sticky":false,"template":"","format":"standard","meta":{"_genesis_hide_title":false,"_genesis_hide_breadcrumbs":false,"_genesis_hide_singular_image":false,"_genesis_hide_footer_widgets":false,"_genesis_custom_body_class":"","_genesis_custom_post_class":"","_genesis_layout":"","_jetpack_memberships_contains_paid_content":false,"footnotes":""},"categories":[22],"tags":[],"class_list":{"0":"post-80190","1":"post","2":"type-post","3":"status-publish","4":"format-standard","5":"has-post-thumbnail","7":"category-brasil","8":"entry","9":"gs-1","10":"gs-odd","11":"gs-even","12":"gs-featured-content-entry"},"jetpack_featured_media_url":"https:\/\/www.redenoticia.com.br\/noticia\/imagens\/concurso-inscricao-vagas-ate.jpg","jetpack_sharing_enabled":true,"jetpack_likes_enabled":true,"_links":{"self":[{"href":"https:\/\/www.redenoticia.com.br\/noticia\/wp-json\/wp\/v2\/posts\/80190","targetHints":{"allow":["GET"]}}],"collection":[{"href":"https:\/\/www.redenoticia.com.br\/noticia\/wp-json\/wp\/v2\/posts"}],"about":[{"href":"https:\/\/www.redenoticia.com.br\/noticia\/wp-json\/wp\/v2\/types\/post"}],"author":[{"embeddable":true,"href":"https:\/\/www.redenoticia.com.br\/noticia\/wp-json\/wp\/v2\/users\/2"}],"replies":[{"embeddable":true,"href":"https:\/\/www.redenoticia.com.br\/noticia\/wp-json\/wp\/v2\/comments?post=80190"}],"version-history":[{"count":0,"href":"https:\/\/www.redenoticia.com.br\/noticia\/wp-json\/wp\/v2\/posts\/80190\/revisions"}],"wp:featuredmedia":[{"embeddable":true,"href":"https:\/\/www.redenoticia.com.br\/noticia\/wp-json\/wp\/v2\/media\/28951"}],"wp:attachment":[{"href":"https:\/\/www.redenoticia.com.br\/noticia\/wp-json\/wp\/v2\/media?parent=80190"}],"wp:term":[{"taxonomy":"category","embeddable":true,"href":"https:\/\/www.redenoticia.com.br\/noticia\/wp-json\/wp\/v2\/categories?post=80190"},{"taxonomy":"post_tag","embeddable":true,"href":"https:\/\/www.redenoticia.com.br\/noticia\/wp-json\/wp\/v2\/tags?post=80190"}],"curies":[{"name":"wp","href":"https:\/\/api.w.org\/{rel}","templated":true}]}}